{"id":13550,"date":"2026-03-10T09:42:38","date_gmt":"2026-03-10T12:42:38","guid":{"rendered":"https:\/\/www.santaritadopassaquatro.sp.gov.br\/portal\/?p=13550"},"modified":"2026-03-10T09:42:40","modified_gmt":"2026-03-10T12:42:40","slug":"inauguracao-do-novo-ecoponto-%e2%99%bb%ef%b8%8f","status":"publish","type":"post","link":"https:\/\/www.santaritadopassaquatro.sp.gov.br\/portal\/inauguracao-do-novo-ecoponto-%e2%99%bb%ef%b8%8f\/","title":{"rendered":"Inaugura\u00e7\u00e3o do Novo Ecoponto \u267b\ufe0f"},"content":{"rendered":"\n<p>A Prefeitura Municipal de Santa Rita do Passa Quatro realizou, nesta quinta-feira, 05 de mar\u00e7o, a solenidade de inaugura\u00e7\u00e3o do Novo Ecoponto, um espa\u00e7o estruturado e planejado para melhor atender a nossa popula\u00e7\u00e3o.<br>Os ecopontos s\u00e3o locais p\u00fablicos de entrega volunt\u00e1ria destinados ao descarte gratuito e ambientalmente correto de res\u00edduos, al\u00e9m de materiais recicl\u00e1veis secos.<br>Este novo espa\u00e7o garante \u00e0 popula\u00e7\u00e3o um local diferenciado, seguro e adequado, fortalecendo as pol\u00edticas p\u00fablicas de preserva\u00e7\u00e3o ambiental e cuidado com a cidade. \ud83c\udf31<br>A cerim\u00f4nia contou com a presen\u00e7a do Prefeito Marcelo Sim\u00e3o, da Vice-Prefeita Ariana Jamus Pupo, do Presidente da C\u00e2mara Municipal Vereador Verdun, do Vice-Presidente da C\u00e2mara Municipal Dr. F\u00e1bio Gusman Palhares, dos Vereadores Amadeu Aparecido Louren\u00e7o, Kleber Alessandro Borotto e Vanderlei Kill, e do Diretor Municipal de Agricultura e Meio Ambiente Arthur Augusto da Costa Roque.<br>Estiveram presentes tamb\u00e9m o Diretor de Obras e Engenharia Thiago Maestrello, o Diretor de Servi\u00e7os Municipais Potiguara de Oliveira Lara, o Sr. Edson de Franceschi e a Sra. Maria Clara Tognetto (representando o Delegado da Pol\u00edcia Civil Dr. Jorge Miguel Koury Neto), Frei Eg\u00eddio e Frei Rafael da Associa\u00e7\u00e3o e Lar S\u00e3o Francisco de Assis na Provid\u00eancia de Deus (Hospital Estadual Santa Rita), o Sr. Jos\u00e9 Francisco Ananias (AAESR \u2013 Associa\u00e7\u00e3o dos Agentes Ecol\u00f3gicos de Santa Rita) e o Empres\u00e1rio santa-ritense Sr. Andr\u00e9 Thomazi, al\u00e9m de diversos Diretores, Gestores e Servidores Municipais.<br>Um importante avan\u00e7o para a gest\u00e3o de res\u00edduos e para a constru\u00e7\u00e3o de uma cidade cada vez mais consciente, sustent\u00e1vel e comprometida com o meio ambiente. \ud83d\udc9a\ud83c\udf0e<\/p>\n\n\n\n<figure class=\"wp-block-gallery has-nested-images columns-default is-cropped wp-block-gallery-1 is-layout-flex wp-block-gallery-is-layout-flex\">\n<figure class=\"wp-block-image size-large\"><img decoding=\"async\" width=\"1279\" height=\"1600\" data-id=\"13553\" src=\"https:\/\/www.santaritadopassaquatro.sp.gov.br\/portal\/wp-content\/uploads\/2026\/03\/WhatsApp-Image-2026-03-10-at-08.31.57-2.jpeg\" alt=\"\" class=\"wp-image-13553\"\/><\/figure>\n\n\n\n<figure class=\"wp-block-image size-large\"><img decoding=\"async\" width=\"1279\" height=\"1600\" data-id=\"13555\" src=\"https:\/\/www.santaritadopassaquatro.sp.gov.br\/portal\/wp-content\/uploads\/2026\/03\/WhatsApp-Image-2026-03-10-at-08.31.57.jpeg\" alt=\"\" class=\"wp-image-13555\"\/><\/figure>\n\n\n\n<figure class=\"wp-block-image size-large\"><img decoding=\"async\" width=\"1279\" height=\"1600\" data-id=\"13551\" src=\"https:\/\/www.santaritadopassaquatro.sp.gov.br\/portal\/wp-content\/uploads\/2026\/03\/WhatsApp-Image-2026-03-10-at-08.31.58-1.jpeg\" alt=\"\" class=\"wp-image-13551\"\/><\/figure>\n\n\n\n<figure class=\"wp-block-image size-large\"><img decoding=\"async\" width=\"1279\" height=\"1600\" data-id=\"13554\" src=\"https:\/\/www.santaritadopassaquatro.sp.gov.br\/portal\/wp-content\/uploads\/2026\/03\/WhatsApp-Image-2026-03-10-at-08.31.58-2.jpeg\" alt=\"\" class=\"wp-image-13554\"\/><\/figure>\n\n\n\n<figure class=\"wp-block-image size-large\"><img decoding=\"async\" width=\"1279\" height=\"1600\" data-id=\"13556\" src=\"https:\/\/www.santaritadopassaquatro.sp.gov.br\/portal\/wp-content\/uploads\/2026\/03\/WhatsApp-Image-2026-03-10-at-08.31.58-3.jpeg\" alt=\"\" class=\"wp-image-13556\"\/><\/figure>\n\n\n\n<figure class=\"wp-block-image size-large\"><img decoding=\"async\" width=\"1279\" height=\"1600\" data-id=\"13552\" src=\"https:\/\/www.santaritadopassaquatro.sp.gov.br\/portal\/wp-content\/uploads\/2026\/03\/WhatsApp-Image-2026-03-10-at-08.31.58-4.jpeg\" alt=\"\" class=\"wp-image-13552\"\/><\/figure>\n\n\n\n<figure class=\"wp-block-image size-large\"><img decoding=\"async\" width=\"1279\" height=\"1600\" data-id=\"13557\" src=\"https:\/\/www.santaritadopassaquatro.sp.gov.br\/portal\/wp-content\/uploads\/2026\/03\/WhatsApp-Image-2026-03-10-at-08.31.58.jpeg\" alt=\"\" class=\"wp-image-13557\"\/><\/figure>\n\n\n\n<figure class=\"wp-block-image size-large\"><img decoding=\"async\" width=\"1279\" height=\"1600\" data-id=\"13558\" src=\"https:\/\/www.santaritadopassaquatro.sp.gov.br\/portal\/wp-content\/uploads\/2026\/03\/WhatsApp-Image-2026-03-10-at-08.31.59-1.jpeg\" alt=\"\" class=\"wp-image-13558\"\/><\/figure>\n\n\n\n<figure class=\"wp-block-image size-large\"><img decoding=\"async\" width=\"1279\" height=\"1600\" data-id=\"13559\" src=\"https:\/\/www.santaritadopassaquatro.sp.gov.br\/portal\/wp-content\/uploads\/2026\/03\/WhatsApp-Image-2026-03-10-at-08.31.59-2.jpeg\" alt=\"\" class=\"wp-image-13559\"\/><\/figure>\n\n\n\n<figure class=\"wp-block-image size-large\"><img decoding=\"async\" width=\"1279\" height=\"1600\" data-id=\"13560\" src=\"https:\/\/www.santaritadopassaquatro.sp.gov.br\/portal\/wp-content\/uploads\/2026\/03\/WhatsApp-Image-2026-03-10-at-08.31.59-3.jpeg\" alt=\"\" class=\"wp-image-13560\"\/><\/figure>\n\n\n\n<figure class=\"wp-block-image size-large\"><img decoding=\"async\" width=\"1279\" height=\"1600\" data-id=\"13562\" src=\"https:\/\/www.santaritadopassaquatro.sp.gov.br\/portal\/wp-content\/uploads\/2026\/03\/WhatsApp-Image-2026-03-10-at-08.31.59.jpeg\" alt=\"\" class=\"wp-image-13562\"\/><\/figure>\n\n\n\n<figure class=\"wp-block-image size-large\"><img decoding=\"async\" width=\"1279\" height=\"1600\" data-id=\"13561\" src=\"https:\/\/www.santaritadopassaquatro.sp.gov.br\/portal\/wp-content\/uploads\/2026\/03\/WhatsApp-Image-2026-03-10-at-08.32.00-1.jpeg\" alt=\"\" class=\"wp-image-13561\"\/><\/figure>\n\n\n\n<figure class=\"wp-block-image size-large\"><img decoding=\"async\" width=\"1279\" height=\"1600\" data-id=\"13563\" src=\"https:\/\/www.santaritadopassaquatro.sp.gov.br\/portal\/wp-content\/uploads\/2026\/03\/WhatsApp-Image-2026-03-10-at-08.32.00.jpeg\" alt=\"\" class=\"wp-image-13563\"\/><\/figure>\n<\/figure>\n","protected":false},"excerpt":{"rendered":"<p>A Prefeitura Municipal de Santa Rita do Passa Quatro realizou, nesta quinta-feira, 05 de mar\u00e7o, a solenidade de inaugura\u00e7\u00e3o do<\/p>\n","protected":false},"author":1,"featured_media":13564,"comment_status":"closed","ping_status":"open","sticky":false,"template":"","format":"standard","meta":{"footnotes":""},"categories":[53],"tags":[],"class_list":["post-13550","post","type-post","status-publish","format-standard","has-post-thumbnail","hentry","category-meio-ambiente"],"_links":{"self":[{"href":"https:\/\/www.santaritadopassaquatro.sp.gov.br\/portal\/wp-json\/wp\/v2\/posts\/13550","targetHints":{"allow":["GET"]}}],"collection":[{"href":"https:\/\/www.santaritadopassaquatro.sp.gov.br\/portal\/wp-json\/wp\/v2\/posts"}],"about":[{"href":"https:\/\/www.santaritadopassaquatro.sp.gov.br\/portal\/wp-json\/wp\/v2\/types\/post"}],"author":[{"embeddable":true,"href":"https:\/\/www.santaritadopassaquatro.sp.gov.br\/portal\/wp-json\/wp\/v2\/users\/1"}],"replies":[{"embeddable":true,"href":"https:\/\/www.santaritadopassaquatro.sp.gov.br\/portal\/wp-json\/wp\/v2\/comments?post=13550"}],"version-history":[{"count":1,"href":"https:\/\/www.santaritadopassaquatro.sp.gov.br\/portal\/wp-json\/wp\/v2\/posts\/13550\/revisions"}],"predecessor-version":[{"id":13565,"href":"https:\/\/www.santaritadopassaquatro.sp.gov.br\/portal\/wp-json\/wp\/v2\/posts\/13550\/revisions\/13565"}],"wp:featuredmedia":[{"embeddable":true,"href":"https:\/\/www.santaritadopassaquatro.sp.gov.br\/portal\/wp-json\/wp\/v2\/media\/13564"}],"wp:attachment":[{"href":"https:\/\/www.santaritadopassaquatro.sp.gov.br\/portal\/wp-json\/wp\/v2\/media?parent=13550"}],"wp:term":[{"taxonomy":"category","embeddable":true,"href":"https:\/\/www.santaritadopassaquatro.sp.gov.br\/portal\/wp-json\/wp\/v2\/categories?post=13550"},{"taxonomy":"post_tag","embeddable":true,"href":"https:\/\/www.santaritadopassaquatro.sp.gov.br\/portal\/wp-json\/wp\/v2\/tags?post=13550"}],"curies":[{"name":"wp","href":"https:\/\/api.w.org\/{rel}","templated":true}]}}