{"id":13566,"date":"2026-03-12T09:52:34","date_gmt":"2026-03-12T12:52:34","guid":{"rendered":"https:\/\/www.santaritadopassaquatro.sp.gov.br\/portal\/?p=13566"},"modified":"2026-03-12T09:52:35","modified_gmt":"2026-03-12T12:52:35","slug":"1a-troca-verde-e-realizada-em-santa-rita-do-passa-quatro","status":"publish","type":"post","link":"https:\/\/www.santaritadopassaquatro.sp.gov.br\/portal\/1a-troca-verde-e-realizada-em-santa-rita-do-passa-quatro\/","title":{"rendered":"1\u00aa Troca Verde \u00e9 realizada em Santa Rita do Passa Quatro!"},"content":{"rendered":"\n<p>Na manh\u00e3 desta quarta-feira (11), a Prefeitura Municipal realizou a 1\u00aa edi\u00e7\u00e3o da Troca Verde, uma importante iniciativa voltada \u00e0 sustentabilidade, \u00e0 conscientiza\u00e7\u00e3o ambiental e ao incentivo \u00e0 coleta seletiva em nosso munic\u00edpio.<br>A a\u00e7\u00e3o aconteceu no Departamento de Agricultura e Meio Ambiente (DAMA) e contou com a presen\u00e7a do Prefeito Marcelo Sim\u00e3o, do Presidente da C\u00e2mara Municipal, Vereador Verdun, e do Diretor do Departamento de Agricultura e Meio Ambiente, Arthur Roque.<br>Durante a atividade, a popula\u00e7\u00e3o p\u00f4de trocar materiais recicl\u00e1veis limpos por hortifrutis, incentivando a destina\u00e7\u00e3o correta dos res\u00edduos e garantindo alimentos frescos para as fam\u00edlias. A iniciativa nasceu por meio de indica\u00e7\u00e3o do Presidente da C\u00e2mara, Vereador Verdun, com apoio dos demais vereadores, e foi organizada pelo DAMA.<br>\ud83c\udf0e A Troca Verde refor\u00e7a o compromisso da Administra\u00e7\u00e3o Municipal com a preserva\u00e7\u00e3o do meio ambiente, a educa\u00e7\u00e3o ambiental e a sustentabilidade.<br>\ud83d\udc9a E essa foi apenas a primeira edi\u00e7\u00e3o! A a\u00e7\u00e3o ser\u00e1 realizada outras vezes ao longo do ano, sempre divulgada nos canais oficiais da Prefeitura!<\/p>\n\n\n\n<figure class=\"wp-block-gallery has-nested-images columns-default is-cropped wp-block-gallery-1 is-layout-flex wp-block-gallery-is-layout-flex\">\n<figure class=\"wp-block-image size-large\"><img decoding=\"async\" width=\"1280\" height=\"1600\" data-id=\"13568\" src=\"https:\/\/www.santaritadopassaquatro.sp.gov.br\/portal\/wp-content\/uploads\/2026\/03\/WhatsApp-Image-2026-03-12-at-09.43.13.jpeg\" alt=\"\" class=\"wp-image-13568\"\/><\/figure>\n\n\n\n<figure class=\"wp-block-image size-large\"><img decoding=\"async\" width=\"1280\" height=\"1600\" data-id=\"13569\" src=\"https:\/\/www.santaritadopassaquatro.sp.gov.br\/portal\/wp-content\/uploads\/2026\/03\/WhatsApp-Image-2026-03-12-at-09.43.14-1.jpeg\" alt=\"\" class=\"wp-image-13569\"\/><\/figure>\n\n\n\n<figure class=\"wp-block-image size-large\"><img decoding=\"async\" width=\"1280\" height=\"1600\" data-id=\"13570\" src=\"https:\/\/www.santaritadopassaquatro.sp.gov.br\/portal\/wp-content\/uploads\/2026\/03\/WhatsApp-Image-2026-03-12-at-09.43.14.jpeg\" alt=\"\" class=\"wp-image-13570\"\/><\/figure>\n<\/figure>\n","protected":false},"excerpt":{"rendered":"<p>Na manh\u00e3 desta quarta-feira (11), a Prefeitura Municipal realizou a 1\u00aa edi\u00e7\u00e3o da Troca Verde, uma importante iniciativa voltada \u00e0<\/p>\n","protected":false},"author":1,"featured_media":13567,"comment_status":"closed","ping_status":"open","sticky":false,"template":"","format":"standard","meta":{"footnotes":""},"categories":[53],"tags":[],"class_list":["post-13566","post","type-post","status-publish","format-standard","has-post-thumbnail","hentry","category-meio-ambiente"],"_links":{"self":[{"href":"https:\/\/www.santaritadopassaquatro.sp.gov.br\/portal\/wp-json\/wp\/v2\/posts\/13566","targetHints":{"allow":["GET"]}}],"collection":[{"href":"https:\/\/www.santaritadopassaquatro.sp.gov.br\/portal\/wp-json\/wp\/v2\/posts"}],"about":[{"href":"https:\/\/www.santaritadopassaquatro.sp.gov.br\/portal\/wp-json\/wp\/v2\/types\/post"}],"author":[{"embeddable":true,"href":"https:\/\/www.santaritadopassaquatro.sp.gov.br\/portal\/wp-json\/wp\/v2\/users\/1"}],"replies":[{"embeddable":true,"href":"https:\/\/www.santaritadopassaquatro.sp.gov.br\/portal\/wp-json\/wp\/v2\/comments?post=13566"}],"version-history":[{"count":1,"href":"https:\/\/www.santaritadopassaquatro.sp.gov.br\/portal\/wp-json\/wp\/v2\/posts\/13566\/revisions"}],"predecessor-version":[{"id":13571,"href":"https:\/\/www.santaritadopassaquatro.sp.gov.br\/portal\/wp-json\/wp\/v2\/posts\/13566\/revisions\/13571"}],"wp:featuredmedia":[{"embeddable":true,"href":"https:\/\/www.santaritadopassaquatro.sp.gov.br\/portal\/wp-json\/wp\/v2\/media\/13567"}],"wp:attachment":[{"href":"https:\/\/www.santaritadopassaquatro.sp.gov.br\/portal\/wp-json\/wp\/v2\/media?parent=13566"}],"wp:term":[{"taxonomy":"category","embeddable":true,"href":"https:\/\/www.santaritadopassaquatro.sp.gov.br\/portal\/wp-json\/wp\/v2\/categories?post=13566"},{"taxonomy":"post_tag","embeddable":true,"href":"https:\/\/www.santaritadopassaquatro.sp.gov.br\/portal\/wp-json\/wp\/v2\/tags?post=13566"}],"curies":[{"name":"wp","href":"https:\/\/api.w.org\/{rel}","templated":true}]}}