{"id":13574,"date":"2026-03-16T11:05:14","date_gmt":"2026-03-16T14:05:14","guid":{"rendered":"https:\/\/www.santaritadopassaquatro.sp.gov.br\/portal\/?p=13574"},"modified":"2026-03-16T11:05:15","modified_gmt":"2026-03-16T14:05:15","slug":"doacao-de-mudas-e-ervas-medicinais-em-santa-rita","status":"publish","type":"post","link":"https:\/\/www.santaritadopassaquatro.sp.gov.br\/portal\/doacao-de-mudas-e-ervas-medicinais-em-santa-rita\/","title":{"rendered":"Doa\u00e7\u00e3o de Mudas e Ervas Medicinais em Santa Rita!"},"content":{"rendered":"\n<p>A Prefeitura Municipal convida toda a popula\u00e7\u00e3o para participar de mais uma a\u00e7\u00e3o de incentivo ao cuidado com o meio ambiente e \u00e0 valoriza\u00e7\u00e3o das plantas medicinais.<\/p>\n\n\n\n<p>Neste s\u00e1bado (21\/03), durante a Feira do Produtor, haver\u00e1 doa\u00e7\u00e3o gratuita de mudas e ervas medicinais para a comunidade. \u00c9 uma \u00f3tima oportunidade para quem deseja cultivar plantas em casa e contribuir com uma cidade mais verde. \ud83c\udf3f<\/p>\n\n\n\n<p>\ud83d\udcc5 S\u00e1bado \u2013 21 de mar\u00e7o<br>\u23f0 Das 9h \u00e0s 12h<br>\ud83d\udccd Feira do Produtor \u2013 Pra\u00e7a Zequinha de Abreu<\/p>\n\n\n\n<p>A iniciativa \u00e9 realizada pelo Departamento de Agricultura e Meio Ambiente, fortalecendo a\u00e7\u00f5es de sustentabilidade e conscientiza\u00e7\u00e3o ambiental em nosso munic\u00edpio.<\/p>\n\n\n\n<p>\ud83c\udf33 Participe e leve mais vida e sa\u00fade para o seu lar!<\/p>\n","protected":false},"excerpt":{"rendered":"<p>A Prefeitura Municipal convida toda a popula\u00e7\u00e3o para participar de mais uma a\u00e7\u00e3o de incentivo ao cuidado com o meio<\/p>\n","protected":false},"author":1,"featured_media":13575,"comment_status":"closed","ping_status":"open","sticky":false,"template":"","format":"standard","meta":{"footnotes":""},"categories":[53],"tags":[],"class_list":["post-13574","post","type-post","status-publish","format-standard","has-post-thumbnail","hentry","category-meio-ambiente"],"_links":{"self":[{"href":"https:\/\/www.santaritadopassaquatro.sp.gov.br\/portal\/wp-json\/wp\/v2\/posts\/13574","targetHints":{"allow":["GET"]}}],"collection":[{"href":"https:\/\/www.santaritadopassaquatro.sp.gov.br\/portal\/wp-json\/wp\/v2\/posts"}],"about":[{"href":"https:\/\/www.santaritadopassaquatro.sp.gov.br\/portal\/wp-json\/wp\/v2\/types\/post"}],"author":[{"embeddable":true,"href":"https:\/\/www.santaritadopassaquatro.sp.gov.br\/portal\/wp-json\/wp\/v2\/users\/1"}],"replies":[{"embeddable":true,"href":"https:\/\/www.santaritadopassaquatro.sp.gov.br\/portal\/wp-json\/wp\/v2\/comments?post=13574"}],"version-history":[{"count":1,"href":"https:\/\/www.santaritadopassaquatro.sp.gov.br\/portal\/wp-json\/wp\/v2\/posts\/13574\/revisions"}],"predecessor-version":[{"id":13576,"href":"https:\/\/www.santaritadopassaquatro.sp.gov.br\/portal\/wp-json\/wp\/v2\/posts\/13574\/revisions\/13576"}],"wp:featuredmedia":[{"embeddable":true,"href":"https:\/\/www.santaritadopassaquatro.sp.gov.br\/portal\/wp-json\/wp\/v2\/media\/13575"}],"wp:attachment":[{"href":"https:\/\/www.santaritadopassaquatro.sp.gov.br\/portal\/wp-json\/wp\/v2\/media?parent=13574"}],"wp:term":[{"taxonomy":"category","embeddable":true,"href":"https:\/\/www.santaritadopassaquatro.sp.gov.br\/portal\/wp-json\/wp\/v2\/categories?post=13574"},{"taxonomy":"post_tag","embeddable":true,"href":"https:\/\/www.santaritadopassaquatro.sp.gov.br\/portal\/wp-json\/wp\/v2\/tags?post=13574"}],"curies":[{"name":"wp","href":"https:\/\/api.w.org\/{rel}","templated":true}]}}