{"id":1359,"date":"2019-05-03T13:59:06","date_gmt":"2019-05-03T16:59:06","guid":{"rendered":"http:\/\/www.santaritadopassaquatro.sp.gov.br\/portal\/?p=1359"},"modified":"2019-05-03T13:59:06","modified_gmt":"2019-05-03T16:59:06","slug":"sabado-e-o-dia-d-de-vacinacao-contra-gripe","status":"publish","type":"post","link":"https:\/\/www.santaritadopassaquatro.sp.gov.br\/portal\/sabado-e-o-dia-d-de-vacinacao-contra-gripe\/","title":{"rendered":"S\u00e1bado \u00e9 o Dia-D de vacina\u00e7\u00e3o contra gripe"},"content":{"rendered":"<p><strong><em>Campanha acontece no Centro de Sa\u00fade II, CAIC e PSF Santa Cruz da Estrela, no hor\u00e1rio das 8h \u00e0s 17 horas<\/em><\/strong><\/p>\n<p>&nbsp;<\/p>\n<p><img decoding=\"async\" class=\"alignnone size-medium wp-image-1203 alignleft\" src=\"http:\/\/www.santaritadopassaquatro.sp.gov.br\/portal\/wp-content\/uploads\/2019\/04\/vacina_gripe-300x200.jpg\" alt=\"\" width=\"300\" height=\"200\" srcset=\"https:\/\/www.santaritadopassaquatro.sp.gov.br\/portal\/wp-content\/uploads\/2019\/04\/vacina_gripe-300x200.jpg 300w, https:\/\/www.santaritadopassaquatro.sp.gov.br\/portal\/wp-content\/uploads\/2019\/04\/vacina_gripe-768x512.jpg 768w, https:\/\/www.santaritadopassaquatro.sp.gov.br\/portal\/wp-content\/uploads\/2019\/04\/vacina_gripe-1024x683.jpg 1024w, https:\/\/www.santaritadopassaquatro.sp.gov.br\/portal\/wp-content\/uploads\/2019\/04\/vacina_gripe.jpg 2048w\" sizes=\"(max-width: 300px) 100vw, 300px\" \/>Neste s\u00e1bado (4\/5) acontece em Santa Rita do Passa Quatro o Dia D da Campanha Nacional de Vacina\u00e7\u00e3o Contra a Gripe (influenza). Neste dia haver\u00e1 atendimento de todos os grupos de risco no Centro de Sa\u00fade II, no PAS do CAIC e PSF Santa Cruz da Estrela, no hor\u00e1rio das 8h \u00e0s 17 horas.<\/p>\n<p>Iniciada no \u00faltimo dia 10 de abril, a campanha atende os chamados grupos de risco. Crian\u00e7as com idade entre 6 meses e 6 anos incompletos, gr\u00e1vidas em qualquer per\u00edodo gestacional, pu\u00e9rperas (mulheres at\u00e9 45 dias ap\u00f3s o parto), trabalhadores da sa\u00fade, povos ind\u00edgenas, idosos, professores de escolas p\u00fablicas e privadas, pessoas com doen\u00e7as cr\u00f4nicas ou imunidade baixa, jovens sob medidas socioeducativas, funcion\u00e1rios do sistema prisional e pessoas privadas de liberdade poder\u00e3o receber a dose da vacina. A escolha dos grupos segue recomenda\u00e7\u00e3o da Organiza\u00e7\u00e3o Mundial da Sa\u00fade (OMS).<\/p>\n<p>Durante a semana, a vacina\u00e7\u00e3o na cidade acontece de segunda a sexta-feira, no Centro de Sa\u00fade II (Rua In\u00e1cio Ribeiro, Centro) e no PAS do CAIC, ambos no hor\u00e1rio das 8h \u00e0s 12h e das 13h \u00e0s 16 horas. Pessoas acamadas ou impossibilitadas de se locomover poder\u00e3o ser vacinadas na pr\u00f3pria casa. Para isso, devem entrar em contato com o Centro de Sa\u00fade II, pelo telefone 3582-6171 ou 3584-5278, fornecendo o endere\u00e7o.<\/p>\n<p>A campanha segue at\u00e9 o pr\u00f3ximo dia 31 de maio e meta \u00e9 vacinar pelo menos 90% dos grupos eleg\u00edveis. A vacina distribu\u00edda \u00e9 a trivalente.<\/p>\n","protected":false},"excerpt":{"rendered":"<p>Campanha acontece no Centro de Sa\u00fade II, CAIC e PSF Santa Cruz da Estrela, no hor\u00e1rio das 8h \u00e0s 17<\/p>\n","protected":false},"author":1,"featured_media":1203,"comment_status":"closed","ping_status":"open","sticky":false,"template":"","format":"standard","meta":{"footnotes":""},"categories":[52,58],"tags":[],"class_list":["post-1359","post","type-post","status-publish","format-standard","has-post-thumbnail","hentry","category-latest","category-health"],"_links":{"self":[{"href":"https:\/\/www.santaritadopassaquatro.sp.gov.br\/portal\/wp-json\/wp\/v2\/posts\/1359","targetHints":{"allow":["GET"]}}],"collection":[{"href":"https:\/\/www.santaritadopassaquatro.sp.gov.br\/portal\/wp-json\/wp\/v2\/posts"}],"about":[{"href":"https:\/\/www.santaritadopassaquatro.sp.gov.br\/portal\/wp-json\/wp\/v2\/types\/post"}],"author":[{"embeddable":true,"href":"https:\/\/www.santaritadopassaquatro.sp.gov.br\/portal\/wp-json\/wp\/v2\/users\/1"}],"replies":[{"embeddable":true,"href":"https:\/\/www.santaritadopassaquatro.sp.gov.br\/portal\/wp-json\/wp\/v2\/comments?post=1359"}],"version-history":[{"count":0,"href":"https:\/\/www.santaritadopassaquatro.sp.gov.br\/portal\/wp-json\/wp\/v2\/posts\/1359\/revisions"}],"wp:featuredmedia":[{"embeddable":true,"href":"https:\/\/www.santaritadopassaquatro.sp.gov.br\/portal\/wp-json\/wp\/v2\/media\/1203"}],"wp:attachment":[{"href":"https:\/\/www.santaritadopassaquatro.sp.gov.br\/portal\/wp-json\/wp\/v2\/media?parent=1359"}],"wp:term":[{"taxonomy":"category","embeddable":true,"href":"https:\/\/www.santaritadopassaquatro.sp.gov.br\/portal\/wp-json\/wp\/v2\/categories?post=1359"},{"taxonomy":"post_tag","embeddable":true,"href":"https:\/\/www.santaritadopassaquatro.sp.gov.br\/portal\/wp-json\/wp\/v2\/tags?post=1359"}],"curies":[{"name":"wp","href":"https:\/\/api.w.org\/{rel}","templated":true}]}}