{"id":1364,"date":"2019-05-03T14:02:52","date_gmt":"2019-05-03T17:02:52","guid":{"rendered":"http:\/\/www.santaritadopassaquatro.sp.gov.br\/portal\/?p=1364"},"modified":"2019-05-03T14:02:52","modified_gmt":"2019-05-03T17:02:52","slug":"santa-rita-159-anos-esquadrilha-da-fumaca-sera-atracao-no-dia-do-aniversario-da-cidade","status":"publish","type":"post","link":"https:\/\/www.santaritadopassaquatro.sp.gov.br\/portal\/santa-rita-159-anos-esquadrilha-da-fumaca-sera-atracao-no-dia-do-aniversario-da-cidade\/","title":{"rendered":"SANTA RITA 159 ANOS:\u00a0Esquadrilha da Fuma\u00e7a ser\u00e1 atra\u00e7\u00e3o no dia do anivers\u00e1rio da cidade"},"content":{"rendered":"<p><strong><em>Promovida em conjunto como Departamento Municipal de Cultura e Turismo, apresenta\u00e7\u00e3o acontece no Centro Ol\u00edmpico<\/em><\/strong><\/p>\n<p><strong>\u00a0<\/strong><\/p>\n<figure id=\"attachment_1365\" aria-describedby=\"caption-attachment-1365\" style=\"width: 300px\" class=\"wp-caption alignleft\"><img decoding=\"async\" class=\"wp-image-1365 size-medium\" src=\"http:\/\/www.santaritadopassaquatro.sp.gov.br\/portal\/wp-content\/uploads\/2019\/05\/esqudrilha_fumaca01-300x200.jpg\" alt=\"\" width=\"300\" height=\"200\" srcset=\"https:\/\/www.santaritadopassaquatro.sp.gov.br\/portal\/wp-content\/uploads\/2019\/05\/esqudrilha_fumaca01-300x200.jpg 300w, https:\/\/www.santaritadopassaquatro.sp.gov.br\/portal\/wp-content\/uploads\/2019\/05\/esqudrilha_fumaca01-768x512.jpg 768w, https:\/\/www.santaritadopassaquatro.sp.gov.br\/portal\/wp-content\/uploads\/2019\/05\/esqudrilha_fumaca01-1024x683.jpg 1024w\" sizes=\"(max-width: 300px) 100vw, 300px\" \/><figcaption id=\"caption-attachment-1365\" class=\"wp-caption-text\"><span style=\"font-size: 8pt; color: #999999;\"><em><strong>O prefeito com os oficiais da For\u00e7a A\u00e9rea na ocasi\u00e3o da confirma\u00e7\u00e3o de hor\u00e1rio e local da apresenta\u00e7\u00e3o da Esquadrilha da Fuma\u00e7a \u00a0(AssCom\/Divulga\u00e7\u00e3o)<\/strong><\/em><\/span><\/figcaption><\/figure>\n<p>O c\u00e9u de Santa Rita do Passa Quatro estar\u00e1 mais animado no dia quem que a cidade ir\u00e1 completar 159 anos de funda\u00e7\u00e3o. No pr\u00f3ximo dia 22 de maio, e a Prefeitura Municipal, atrav\u00e9s do Departamento Municipal de Cultura e Turismo preparou um atra\u00e7\u00e3o mais do que especial. A Esquadrilha da Fuma\u00e7a ir\u00e1 se apresentar pontualmente \u00e0s 15 horas, no Centro Ol\u00edmpico (Lagoinha).<\/p>\n<p>No \u00faltimo dia 25 de abril, quinta-feira, o prefeito Leandro Luciano dos Santos recebeu em seu gabinete o major Nunes, piloto da Esquadrilha da Fuama\u00e7a, e sargento santarritense Caio Godoi, para confirmar local e hor\u00e1rio da atra\u00e7\u00e3o.<\/p>\n<p>De acordo com o major, ser\u00e3o 40 minutos de apresenta\u00e7\u00e3o, com sete aeronaves realizando cerca de 50 manobras, todas narradas por um locutor da AFA (Academia da For\u00e7a A\u00e9rea). O evento \u00e9 gratuito e aberto ao p\u00fablico.<\/p>\n<p>A \u00faltima vez que a Esquadrilha da Fuma\u00e7a se apresentou no munic\u00edpio foi em 2012, desde ent\u00e3o o grupo passou por mudan\u00e7as, substituindo a aeronave T-27 Tucano, pelo A-29 Super Tucano, pausando suas atividades por cerca de dois anos para readapta\u00e7\u00e3o ao novo modelo.<\/p>\n<p><strong>\u00a0<\/strong><\/p>\n<p><strong>A ESQUADRILHA<\/strong><\/p>\n<figure id=\"attachment_1366\" aria-describedby=\"caption-attachment-1366\" style=\"width: 300px\" class=\"wp-caption alignright\"><img decoding=\"async\" class=\"wp-image-1366 size-medium\" src=\"http:\/\/www.santaritadopassaquatro.sp.gov.br\/portal\/wp-content\/uploads\/2019\/05\/esquadrilha_fucama_02-300x200.jpg\" alt=\"\" width=\"300\" height=\"200\" srcset=\"https:\/\/www.santaritadopassaquatro.sp.gov.br\/portal\/wp-content\/uploads\/2019\/05\/esquadrilha_fucama_02-300x200.jpg 300w, https:\/\/www.santaritadopassaquatro.sp.gov.br\/portal\/wp-content\/uploads\/2019\/05\/esquadrilha_fucama_02-768x513.jpg 768w, https:\/\/www.santaritadopassaquatro.sp.gov.br\/portal\/wp-content\/uploads\/2019\/05\/esquadrilha_fucama_02-1024x683.jpg 1024w\" sizes=\"(max-width: 300px) 100vw, 300px\" \/><figcaption id=\"caption-attachment-1366\" class=\"wp-caption-text\"><span style=\"font-size: 8pt; color: #999999;\"><em><strong>A Esquadrilha da Fuma\u00e7a no c\u00e9u, em apresenta\u00e7\u00e3o com os novos A-29 Super Tucano que estar\u00e3o em Santa Rita no pr\u00f3ximo dia 22 de maio (AFA\/Divulga\u00e7\u00e3o)<\/strong><\/em><\/span><\/figcaption><\/figure>\n<p>O Esquadr\u00e3o de Demonstra\u00e7\u00e3o A\u00e9rea (EDA), o nome oficial da Esquadrilha da Fuma\u00e7a, tem como base a Academia da For\u00e7a A\u00e9rea (AFA), em Pirassununga (SP). O grupo tem a miss\u00e3o de fazer demonstra\u00e7\u00f5es de manobras a\u00e9reas para difundir a imagem institucional da FAB.<\/p>\n<p>Desde julho de 2015, a Esquadrilha utiliza as aeronaves A-29 Super Tucano, a quinta aeronave adotada na hist\u00f3ria da institui\u00e7\u00e3o.\u00a0 Fabricado pela Embraer, o avi\u00e3o j\u00e1 era empregado pela FAB em miss\u00f5es de defesa a\u00e9rea, treinamento avan\u00e7ado, ataque leve, escolta, patrulha a\u00e9rea de combate e forma\u00e7\u00e3o de l\u00edderes da avia\u00e7\u00e3o de ca\u00e7a.<\/p>\n<p><strong>\u00a0<\/strong><\/p>\n<blockquote><p><strong>SERVI\u00c7O<br \/>\nEXIBI\u00c7\u00c3O DA ESQUADRILHA DA FUMA\u00c7A<br \/>\nDATA: <\/strong>Quarta-feira, 22 de maio.<br \/>\n<strong>HOR\u00c1RIO<\/strong>: \u00e0 partir das 15 horas.<br \/>\n<strong>LOCAL<\/strong>: Centro Ol\u00edmpico Sebasti\u00e3o Renato Zorzi<strong>.<br \/>\nEVENTO GRATUITO<\/strong><\/p><\/blockquote>\n<p>&nbsp;<\/p>\n<p>&nbsp;<\/p>\n<p>&nbsp;<\/p>\n<p>&nbsp;<\/p>\n","protected":false},"excerpt":{"rendered":"<p>Promovida em conjunto como Departamento Municipal de Cultura e Turismo, apresenta\u00e7\u00e3o acontece no Centro Ol\u00edmpico \u00a0 O c\u00e9u de Santa<\/p>\n","protected":false},"author":1,"featured_media":1366,"comment_status":"closed","ping_status":"open","sticky":false,"template":"","format":"standard","meta":{"footnotes":""},"categories":[44,60],"tags":[],"class_list":["post-1364","post","type-post","status-publish","format-standard","has-post-thumbnail","hentry","category-cidades","category-turismo"],"_links":{"self":[{"href":"https:\/\/www.santaritadopassaquatro.sp.gov.br\/portal\/wp-json\/wp\/v2\/posts\/1364","targetHints":{"allow":["GET"]}}],"collection":[{"href":"https:\/\/www.santaritadopassaquatro.sp.gov.br\/portal\/wp-json\/wp\/v2\/posts"}],"about":[{"href":"https:\/\/www.santaritadopassaquatro.sp.gov.br\/portal\/wp-json\/wp\/v2\/types\/post"}],"author":[{"embeddable":true,"href":"https:\/\/www.santaritadopassaquatro.sp.gov.br\/portal\/wp-json\/wp\/v2\/users\/1"}],"replies":[{"embeddable":true,"href":"https:\/\/www.santaritadopassaquatro.sp.gov.br\/portal\/wp-json\/wp\/v2\/comments?post=1364"}],"version-history":[{"count":0,"href":"https:\/\/www.santaritadopassaquatro.sp.gov.br\/portal\/wp-json\/wp\/v2\/posts\/1364\/revisions"}],"wp:featuredmedia":[{"embeddable":true,"href":"https:\/\/www.santaritadopassaquatro.sp.gov.br\/portal\/wp-json\/wp\/v2\/media\/1366"}],"wp:attachment":[{"href":"https:\/\/www.santaritadopassaquatro.sp.gov.br\/portal\/wp-json\/wp\/v2\/media?parent=1364"}],"wp:term":[{"taxonomy":"category","embeddable":true,"href":"https:\/\/www.santaritadopassaquatro.sp.gov.br\/portal\/wp-json\/wp\/v2\/categories?post=1364"},{"taxonomy":"post_tag","embeddable":true,"href":"https:\/\/www.santaritadopassaquatro.sp.gov.br\/portal\/wp-json\/wp\/v2\/tags?post=1364"}],"curies":[{"name":"wp","href":"https:\/\/api.w.org\/{rel}","templated":true}]}}