{"id":1368,"date":"2019-05-03T14:04:54","date_gmt":"2019-05-03T17:04:54","guid":{"rendered":"http:\/\/www.santaritadopassaquatro.sp.gov.br\/portal\/?p=1368"},"modified":"2019-05-03T14:04:54","modified_gmt":"2019-05-03T17:04:54","slug":"prefeitura-adquire-mais-uma-ambulancia","status":"publish","type":"post","link":"https:\/\/www.santaritadopassaquatro.sp.gov.br\/portal\/prefeitura-adquire-mais-uma-ambulancia\/","title":{"rendered":"Prefeitura adquire mais uma ambul\u00e2ncia"},"content":{"rendered":"<p><strong><em>Investimento de quase R$ 100 mil com recursos da Secretaria da Sa\u00fade, conquistados por vereador<\/em><\/strong><\/p>\n<p>&nbsp;<\/p>\n<figure id=\"attachment_1370\" aria-describedby=\"caption-attachment-1370\" style=\"width: 300px\" class=\"wp-caption alignleft\"><img decoding=\"async\" class=\"wp-image-1370 size-medium\" src=\"http:\/\/www.santaritadopassaquatro.sp.gov.br\/portal\/wp-content\/uploads\/2019\/05\/ambulancia01-300x200.jpg\" alt=\"\" width=\"300\" height=\"200\" srcset=\"https:\/\/www.santaritadopassaquatro.sp.gov.br\/portal\/wp-content\/uploads\/2019\/05\/ambulancia01-300x200.jpg 300w, https:\/\/www.santaritadopassaquatro.sp.gov.br\/portal\/wp-content\/uploads\/2019\/05\/ambulancia01-768x512.jpg 768w, https:\/\/www.santaritadopassaquatro.sp.gov.br\/portal\/wp-content\/uploads\/2019\/05\/ambulancia01-1024x683.jpg 1024w\" sizes=\"(max-width: 300px) 100vw, 300px\" \/><figcaption id=\"caption-attachment-1370\" class=\"wp-caption-text\"><span style=\"font-size: 8pt; color: #999999;\"><em><strong>O prefeito, vereador e a diretora do Departamento de Sa\u00fade com a nova ambul\u00e2ncia adquirida (AssCom\/Divulga\u00e7\u00e3o)<\/strong><\/em><\/span><\/figcaption><\/figure>\n<p>Mais um benef\u00edcio para a sa\u00fade do munic\u00edpio de Santa Rita do Passa Quatro. A Prefeitura adquiriu mais uma ambul\u00e2ncia zero quil\u00f4metro, visando cada vez mais a humaniza\u00e7\u00e3o no atendimento da popula\u00e7\u00e3o.<\/p>\n<p>No valor de quase R$ 100,00, o ve\u00edculo Peugeot foi adquirido com recursos da Secretaria de Sa\u00fade do Estado de S\u00e3o Paulo, a pedido do vereador Kleber Borortto ao deputado estadual Luiz Fernando Teixeira, acatado imediatamente pelo prefeito Leandro Luciano dos Santos.<\/p>\n<p>A nova ambul\u00e2ncia ser\u00e1 destinada ao transporte de pacientes que necessitam de atendimentos em outras cidades, para pacientes acamados com exames agendados, entre outros.<\/p>\n<p><img decoding=\"async\" class=\"alignnone size-medium wp-image-1369 alignright\" src=\"http:\/\/www.santaritadopassaquatro.sp.gov.br\/portal\/wp-content\/uploads\/2019\/05\/ambulancia04-300x200.jpg\" alt=\"\" width=\"300\" height=\"200\" srcset=\"https:\/\/www.santaritadopassaquatro.sp.gov.br\/portal\/wp-content\/uploads\/2019\/05\/ambulancia04-300x200.jpg 300w, https:\/\/www.santaritadopassaquatro.sp.gov.br\/portal\/wp-content\/uploads\/2019\/05\/ambulancia04-768x512.jpg 768w, https:\/\/www.santaritadopassaquatro.sp.gov.br\/portal\/wp-content\/uploads\/2019\/05\/ambulancia04-1024x683.jpg 1024w\" sizes=\"(max-width: 300px) 100vw, 300px\" \/>A ambul\u00e2ncia chegou na tarde desta quinta-feira (2\/5) e foi recebida pelo prefeito e pela diretora do Departamento Municipal de Sa\u00fade, Renata Barioni Bonif\u00e1cio. Ao todo, o atual governo municipal j\u00e1 adquiriu mais de 10 novos ve\u00edculos para a Sa\u00fade, entre ambul\u00e2ncias &#8212; incluindo UTI m\u00f3vel &#8211;, vans, micro-\u00f4nibus e \u00f4nibus.<\/p>\n<p>A agora a Garagem Municipal ir\u00e1 providenciar a documenta\u00e7\u00e3o e seguro para que possa circular o quanto antes, j\u00e1 atendendo \u00e0 popula\u00e7\u00e3o.<\/p>\n<p>\u201cQuero agradecer ao vereador Borotto, em nome de toda a C\u00e2mara Municipal, pela conquista e pela parceria com os vereadores, que est\u00e3o sempre dispostos a colaborar com a administra\u00e7\u00e3o, em benef\u00edcio a nossa popula\u00e7\u00e3o\u201d, disse o prefeito.<\/p>\n<p>&nbsp;<\/p>\n<p>&nbsp;<\/p>\n<p>&nbsp;<\/p>\n<p>&nbsp;<\/p>\n<p>&nbsp;<\/p>\n<p>&nbsp;<\/p>\n<p>&nbsp;<\/p>\n","protected":false},"excerpt":{"rendered":"<p>Investimento de quase R$ 100 mil com recursos da Secretaria da Sa\u00fade, conquistados por vereador &nbsp; Mais um benef\u00edcio para<\/p>\n","protected":false},"author":1,"featured_media":1371,"comment_status":"closed","ping_status":"open","sticky":false,"template":"","format":"standard","meta":{"footnotes":""},"categories":[44,48,58],"tags":[],"class_list":["post-1368","post","type-post","status-publish","format-standard","has-post-thumbnail","hentry","category-cidades","category-featured","category-health"],"_links":{"self":[{"href":"https:\/\/www.santaritadopassaquatro.sp.gov.br\/portal\/wp-json\/wp\/v2\/posts\/1368","targetHints":{"allow":["GET"]}}],"collection":[{"href":"https:\/\/www.santaritadopassaquatro.sp.gov.br\/portal\/wp-json\/wp\/v2\/posts"}],"about":[{"href":"https:\/\/www.santaritadopassaquatro.sp.gov.br\/portal\/wp-json\/wp\/v2\/types\/post"}],"author":[{"embeddable":true,"href":"https:\/\/www.santaritadopassaquatro.sp.gov.br\/portal\/wp-json\/wp\/v2\/users\/1"}],"replies":[{"embeddable":true,"href":"https:\/\/www.santaritadopassaquatro.sp.gov.br\/portal\/wp-json\/wp\/v2\/comments?post=1368"}],"version-history":[{"count":0,"href":"https:\/\/www.santaritadopassaquatro.sp.gov.br\/portal\/wp-json\/wp\/v2\/posts\/1368\/revisions"}],"wp:featuredmedia":[{"embeddable":true,"href":"https:\/\/www.santaritadopassaquatro.sp.gov.br\/portal\/wp-json\/wp\/v2\/media\/1371"}],"wp:attachment":[{"href":"https:\/\/www.santaritadopassaquatro.sp.gov.br\/portal\/wp-json\/wp\/v2\/media?parent=1368"}],"wp:term":[{"taxonomy":"category","embeddable":true,"href":"https:\/\/www.santaritadopassaquatro.sp.gov.br\/portal\/wp-json\/wp\/v2\/categories?post=1368"},{"taxonomy":"post_tag","embeddable":true,"href":"https:\/\/www.santaritadopassaquatro.sp.gov.br\/portal\/wp-json\/wp\/v2\/tags?post=1368"}],"curies":[{"name":"wp","href":"https:\/\/api.w.org\/{rel}","templated":true}]}}