{"id":13722,"date":"2026-04-07T17:32:18","date_gmt":"2026-04-07T20:32:18","guid":{"rendered":"https:\/\/www.santaritadopassaquatro.sp.gov.br\/portal\/?p=13722"},"modified":"2026-04-07T17:32:19","modified_gmt":"2026-04-07T20:32:19","slug":"educacao-ambiental-em-acao-%f0%9f%8c%b1%f0%9f%92%a7","status":"publish","type":"post","link":"https:\/\/www.santaritadopassaquatro.sp.gov.br\/portal\/educacao-ambiental-em-acao-%f0%9f%8c%b1%f0%9f%92%a7\/","title":{"rendered":"Educa\u00e7\u00e3o Ambiental em A\u00e7\u00e3o! \ud83c\udf31\ud83d\udca7"},"content":{"rendered":"\n<p>No dia 26 de mar\u00e7o de 2026, o Espa\u00e7o de Educa\u00e7\u00e3o Ambiental recebeu com muita alegria os alunos do 1\u00ba ano A e B do SAS &#8211; Cooperativa de Ensino para uma atividade especial com o tema \u00e1gua.<\/p>\n\n\n\n<p>Durante o encontro, as crian\u00e7as participaram de momentos educativos e interativos, aprendendo de forma l\u00fadica sobre a import\u00e2ncia da \u00e1gua para a vida, sua preserva\u00e7\u00e3o e o uso consciente no dia a dia. Por meio de atividades pr\u00e1ticas e din\u00e2micas, os alunos puderam refletir sobre como pequenas atitudes fazem toda a diferen\u00e7a na conserva\u00e7\u00e3o desse recurso t\u00e3o essencial.<\/p>\n\n\n\n<p>A a\u00e7\u00e3o refor\u00e7a o compromisso com a forma\u00e7\u00e3o de cidad\u00e3os mais conscientes e respons\u00e1veis com o meio ambiente desde a inf\u00e2ncia. \ud83c\udf0e\ud83d\udc99<\/p>\n\n\n\n<p>Parabenizamos todos os envolvidos por mais esse importante momento de aprendizado!<\/p>\n\n\n\n<figure class=\"wp-block-gallery has-nested-images columns-default is-cropped wp-block-gallery-1 is-layout-flex wp-block-gallery-is-layout-flex\">\n<figure class=\"wp-block-image size-large\"><img decoding=\"async\" width=\"1279\" height=\"1600\" data-id=\"13724\" src=\"https:\/\/www.santaritadopassaquatro.sp.gov.br\/portal\/wp-content\/uploads\/2026\/04\/WhatsApp-Image-2026-04-07-at-14.33.01-2.jpeg\" alt=\"\" class=\"wp-image-13724\"\/><\/figure>\n\n\n\n<figure class=\"wp-block-image size-large\"><img decoding=\"async\" width=\"1279\" height=\"1600\" data-id=\"13725\" src=\"https:\/\/www.santaritadopassaquatro.sp.gov.br\/portal\/wp-content\/uploads\/2026\/04\/WhatsApp-Image-2026-04-07-at-14.33.01-3.jpeg\" alt=\"\" class=\"wp-image-13725\"\/><\/figure>\n\n\n\n<figure class=\"wp-block-image size-large\"><img decoding=\"async\" width=\"1279\" height=\"1600\" data-id=\"13726\" src=\"https:\/\/www.santaritadopassaquatro.sp.gov.br\/portal\/wp-content\/uploads\/2026\/04\/WhatsApp-Image-2026-04-07-at-14.33.01.jpeg\" alt=\"\" class=\"wp-image-13726\"\/><\/figure>\n<\/figure>\n","protected":false},"excerpt":{"rendered":"<p>No dia 26 de mar\u00e7o de 2026, o Espa\u00e7o de Educa\u00e7\u00e3o Ambiental recebeu com muita alegria os alunos do 1\u00ba<\/p>\n","protected":false},"author":1,"featured_media":13723,"comment_status":"closed","ping_status":"open","sticky":false,"template":"","format":"standard","meta":{"footnotes":""},"categories":[48,53],"tags":[],"class_list":["post-13722","post","type-post","status-publish","format-standard","has-post-thumbnail","hentry","category-featured","category-meio-ambiente"],"_links":{"self":[{"href":"https:\/\/www.santaritadopassaquatro.sp.gov.br\/portal\/wp-json\/wp\/v2\/posts\/13722","targetHints":{"allow":["GET"]}}],"collection":[{"href":"https:\/\/www.santaritadopassaquatro.sp.gov.br\/portal\/wp-json\/wp\/v2\/posts"}],"about":[{"href":"https:\/\/www.santaritadopassaquatro.sp.gov.br\/portal\/wp-json\/wp\/v2\/types\/post"}],"author":[{"embeddable":true,"href":"https:\/\/www.santaritadopassaquatro.sp.gov.br\/portal\/wp-json\/wp\/v2\/users\/1"}],"replies":[{"embeddable":true,"href":"https:\/\/www.santaritadopassaquatro.sp.gov.br\/portal\/wp-json\/wp\/v2\/comments?post=13722"}],"version-history":[{"count":1,"href":"https:\/\/www.santaritadopassaquatro.sp.gov.br\/portal\/wp-json\/wp\/v2\/posts\/13722\/revisions"}],"predecessor-version":[{"id":13727,"href":"https:\/\/www.santaritadopassaquatro.sp.gov.br\/portal\/wp-json\/wp\/v2\/posts\/13722\/revisions\/13727"}],"wp:featuredmedia":[{"embeddable":true,"href":"https:\/\/www.santaritadopassaquatro.sp.gov.br\/portal\/wp-json\/wp\/v2\/media\/13723"}],"wp:attachment":[{"href":"https:\/\/www.santaritadopassaquatro.sp.gov.br\/portal\/wp-json\/wp\/v2\/media?parent=13722"}],"wp:term":[{"taxonomy":"category","embeddable":true,"href":"https:\/\/www.santaritadopassaquatro.sp.gov.br\/portal\/wp-json\/wp\/v2\/categories?post=13722"},{"taxonomy":"post_tag","embeddable":true,"href":"https:\/\/www.santaritadopassaquatro.sp.gov.br\/portal\/wp-json\/wp\/v2\/tags?post=13722"}],"curies":[{"name":"wp","href":"https:\/\/api.w.org\/{rel}","templated":true}]}}