{"id":13728,"date":"2026-04-07T17:34:11","date_gmt":"2026-04-07T20:34:11","guid":{"rendered":"https:\/\/www.santaritadopassaquatro.sp.gov.br\/portal\/?p=13728"},"modified":"2026-04-07T17:34:12","modified_gmt":"2026-04-07T20:34:12","slug":"projeto-ecofalante-nas-escolas-%f0%9f%8e%ac%f0%9f%92%a7","status":"publish","type":"post","link":"https:\/\/www.santaritadopassaquatro.sp.gov.br\/portal\/projeto-ecofalante-nas-escolas-%f0%9f%8e%ac%f0%9f%92%a7\/","title":{"rendered":"Projeto Ecofalante nas Escolas! \ud83c\udfac\ud83d\udca7"},"content":{"rendered":"\n<p>Durante o m\u00eas de mar\u00e7o, em comemora\u00e7\u00e3o ao Dia Mundial da \u00c1gua, o Departamento de Agricultura e Meio Ambiente (DAMA) realizou sess\u00f5es do Projeto Ecofalante com a tem\u00e1tica da \u00e1gua em diversas escolas do munic\u00edpio.<br>A a\u00e7\u00e3o aconteceu nas unidades EMEF &#8220;Jo\u00e3o Baptista da Rocha Correa&#8221;, EMEF &#8220;Francisco Ribeiro&#8221;, EMEF &#8220;Madre Carmelita&#8221; e EMEF &#8220;Laura Suriani Barbuio&#8221;, levando aos alunos uma experi\u00eancia educativa por meio de curtas-metragens que abordam a import\u00e2ncia da \u00e1gua, sua preserva\u00e7\u00e3o e o uso consciente.<br>Ap\u00f3s as exibi\u00e7\u00f5es, os estudantes participaram de conversas e reflex\u00f5es, estimulando o pensamento cr\u00edtico e a conscientiza\u00e7\u00e3o ambiental desde cedo. \ud83c\udf0e\ud83d\udc99<br>Iniciativas como essa fortalecem a educa\u00e7\u00e3o ambiental nas escolas e contribuem para a forma\u00e7\u00e3o de cidad\u00e3os mais respons\u00e1veis e comprometidos com o futuro do planeta.<br>Parab\u00e9ns a todos os envolvidos por promoverem conhecimento e sustentabilidade!<\/p>\n\n\n\n<figure class=\"wp-block-gallery has-nested-images columns-default is-cropped wp-block-gallery-1 is-layout-flex wp-block-gallery-is-layout-flex\">\n<figure class=\"wp-block-image size-large\"><img decoding=\"async\" width=\"1279\" height=\"1600\" data-id=\"13732\" src=\"https:\/\/www.santaritadopassaquatro.sp.gov.br\/portal\/wp-content\/uploads\/2026\/04\/WhatsApp-Image-2026-04-07-at-14.33.50.jpeg\" alt=\"\" class=\"wp-image-13732\"\/><\/figure>\n\n\n\n<figure class=\"wp-block-image size-large\"><img decoding=\"async\" width=\"1279\" height=\"1600\" data-id=\"13731\" src=\"https:\/\/www.santaritadopassaquatro.sp.gov.br\/portal\/wp-content\/uploads\/2026\/04\/WhatsApp-Image-2026-04-07-at-14.33.50-1.jpeg\" alt=\"\" class=\"wp-image-13731\"\/><\/figure>\n\n\n\n<figure class=\"wp-block-image size-large\"><img decoding=\"async\" width=\"1279\" height=\"1600\" data-id=\"13730\" src=\"https:\/\/www.santaritadopassaquatro.sp.gov.br\/portal\/wp-content\/uploads\/2026\/04\/WhatsApp-Image-2026-04-07-at-14.33.49.jpeg\" alt=\"\" class=\"wp-image-13730\"\/><\/figure>\n<\/figure>\n","protected":false},"excerpt":{"rendered":"<p>Durante o m\u00eas de mar\u00e7o, em comemora\u00e7\u00e3o ao Dia Mundial da \u00c1gua, o Departamento de Agricultura e Meio Ambiente (DAMA)<\/p>\n","protected":false},"author":1,"featured_media":13729,"comment_status":"closed","ping_status":"open","sticky":false,"template":"","format":"standard","meta":{"footnotes":""},"categories":[48,52,53],"tags":[],"class_list":["post-13728","post","type-post","status-publish","format-standard","has-post-thumbnail","hentry","category-featured","category-latest","category-meio-ambiente"],"_links":{"self":[{"href":"https:\/\/www.santaritadopassaquatro.sp.gov.br\/portal\/wp-json\/wp\/v2\/posts\/13728","targetHints":{"allow":["GET"]}}],"collection":[{"href":"https:\/\/www.santaritadopassaquatro.sp.gov.br\/portal\/wp-json\/wp\/v2\/posts"}],"about":[{"href":"https:\/\/www.santaritadopassaquatro.sp.gov.br\/portal\/wp-json\/wp\/v2\/types\/post"}],"author":[{"embeddable":true,"href":"https:\/\/www.santaritadopassaquatro.sp.gov.br\/portal\/wp-json\/wp\/v2\/users\/1"}],"replies":[{"embeddable":true,"href":"https:\/\/www.santaritadopassaquatro.sp.gov.br\/portal\/wp-json\/wp\/v2\/comments?post=13728"}],"version-history":[{"count":1,"href":"https:\/\/www.santaritadopassaquatro.sp.gov.br\/portal\/wp-json\/wp\/v2\/posts\/13728\/revisions"}],"predecessor-version":[{"id":13733,"href":"https:\/\/www.santaritadopassaquatro.sp.gov.br\/portal\/wp-json\/wp\/v2\/posts\/13728\/revisions\/13733"}],"wp:featuredmedia":[{"embeddable":true,"href":"https:\/\/www.santaritadopassaquatro.sp.gov.br\/portal\/wp-json\/wp\/v2\/media\/13729"}],"wp:attachment":[{"href":"https:\/\/www.santaritadopassaquatro.sp.gov.br\/portal\/wp-json\/wp\/v2\/media?parent=13728"}],"wp:term":[{"taxonomy":"category","embeddable":true,"href":"https:\/\/www.santaritadopassaquatro.sp.gov.br\/portal\/wp-json\/wp\/v2\/categories?post=13728"},{"taxonomy":"post_tag","embeddable":true,"href":"https:\/\/www.santaritadopassaquatro.sp.gov.br\/portal\/wp-json\/wp\/v2\/tags?post=13728"}],"curies":[{"name":"wp","href":"https:\/\/api.w.org\/{rel}","templated":true}]}}