{"id":1373,"date":"2019-05-03T14:07:10","date_gmt":"2019-05-03T17:07:10","guid":{"rendered":"http:\/\/www.santaritadopassaquatro.sp.gov.br\/portal\/?p=1373"},"modified":"2019-05-03T14:07:10","modified_gmt":"2019-05-03T17:07:10","slug":"1373-2","status":"publish","type":"post","link":"https:\/\/www.santaritadopassaquatro.sp.gov.br\/portal\/1373-2\/","title":{"rendered":""},"content":{"rendered":"<p><strong>CARD\u00c1PIO MAIO 2019<br \/>\n<\/strong>(EMEI, ENSINO FUNDAMENTAL E ENSINO M\u00c9DIO)<\/p>\n<p>&nbsp;<\/p>\n<p><strong>Quarta-feira &#8211; 1 de maio:<br \/>\n<\/strong>Feriado.<\/p>\n<p><strong>Quinta-feira &#8211; 2 de maio:<br \/>\n<\/strong>Arroz, feij\u00e3o e salsicha ao sugo.<\/p>\n<p><strong>Sexta-feira &#8211; 3 de maio:<br \/>\n<\/strong>Macarr\u00e3o ao molho de atum.<\/p>\n<p><strong>\u00a0<\/strong><\/p>\n<p><strong>Segunda-feira &#8211; 6 de maio:<br \/>\n<\/strong>Arroz, feij\u00e3o e farofa primavera.<\/p>\n<p><strong>Ter\u00e7a-feira &#8211; 7 de maio:<br \/>\n<\/strong>Arroz, feij\u00e3o e pernil em cubos com batata.<\/p>\n<p><strong>Quarta-feira &#8211; 8 de maio:<br \/>\n<\/strong>Arroz, feij\u00e3o e salada de legumes.<\/p>\n<p><strong>Quinta-feira &#8211; 9 de maio:<br \/>\n<\/strong>Arroz, feij\u00e3o e polenta ao molho de carne mo\u00edda.<\/p>\n<p><strong>Sexta-feira &#8211; 10 de maio:<br \/>\n<\/strong>Macarr\u00e3o ao molho de carne em tiras.<\/p>\n<p><strong>\u00a0<\/strong><\/p>\n<p><strong>Segunda-feira &#8211; 13 de maio:<br \/>\n<\/strong>Risoto de salsicha, feij\u00e3o preto e ovos de codorna.<\/p>\n<p><strong>Ter\u00e7a-feira &#8211; 14 de maio:<br \/>\n<\/strong>Arroz, feij\u00e3o e carne em cubos com batata.<\/p>\n<p><strong>Quarta-feira &#8211; 15 de maio:<br \/>\n<\/strong>Arroz, feij\u00e3o, polenta ao molho e lingui\u00e7a calabresa.<\/p>\n<p><strong>Quinta-feira &#8211; 16 de maio:<br \/>\n<\/strong>Arroz, feij\u00e3o e frango com legumes.<\/p>\n<p><strong>Sexta-feira &#8211; 17 de maio:<br \/>\n<\/strong>Macarr\u00e3o ao molho de mini alm\u00f4ndegas.<\/p>\n<p>&nbsp;<\/p>\n<p><strong>Segunda-feira &#8211; 20 de maio:<br \/>\n<\/strong>Arroz, feij\u00e3o e strogonoff de carne em tiras.<\/p>\n<p><strong>Ter\u00e7a-feira &#8211; 21 de maio:<br \/>\n<\/strong>Arroz, feij\u00e3o e carne mo\u00edda com batata e cenoura.<\/p>\n<p><strong>Quarta-feira &#8211; 22 de maio:<br \/>\n<\/strong>Feriado.<\/p>\n<p><strong>Quinta-feira &#8211; 23 de maio:<br \/>\n<\/strong>Arroz de forno e feij\u00e3o preto.<\/p>\n<p><strong>Sexta-feira &#8211; 24 de maio:<br \/>\n<\/strong>Macarr\u00e3o ao molho de salsicha.<\/p>\n<p>&nbsp;<\/p>\n<p><strong>Segunda-feira &#8211; 27 de maio:<br \/>\n<\/strong>Arroz, feij\u00e3o e polenta ao molho de frango.<\/p>\n<p><strong>Ter\u00e7a-feira &#8211; 28 de maio:<br \/>\n<\/strong>Arroz, feij\u00e3o e farofa primavera.<\/p>\n<p><strong>Quarta-feira &#8211; 29 de maio:<br \/>\n<\/strong>Arroz, feij\u00e3o e carne em tiras com mandioca.<\/p>\n<p><strong>Quinta-feira &#8211; 30 de maio:<br \/>\n<\/strong>Arroz, feij\u00e3o e strogonoff de frango.<\/p>\n<p><strong>Sexta-feira &#8211; 31 de maio:<br \/>\n<\/strong>Macarr\u00e3o ao molho de lingui\u00e7a toscana.<\/p>\n<p>&nbsp;<\/p>\n<p>&nbsp;<\/p>\n<ul>\n<li>1\u00aa semana: folha\/legumes: repolho &#8211; fruta: uva<\/li>\n<li>2\u00aa semana: folha\/legumes: pepino &#8211; fruta: abacaxi e mam\u00e3o formosa<\/li>\n<li>3\u00aa semana: folha\/legumes: abrobrinha &#8211; fruta: banana nanica e pera<\/li>\n<li>4\u00aa semana: folhas\/legumes: br\u00f3colis &#8211; fruta: tangerina<\/li>\n<li>5\u00aa semana: folhas\/legumes: tomate &#8211; fruta: ma\u00e7\u00e3 e carambola<\/li>\n<\/ul>\n<p>&nbsp;<\/p>\n<p>&nbsp;<\/p>\n<p><strong>Observa\u00e7\u00e3o: <\/strong><em>card\u00e1pio sujeito a altera\u00e7\u00f5es caso necess\u00e1rio\u00a0\u00a0\u00a0\u00a0\u00a0\u00a0\u00a0\u00a0\u00a0 .\u00a0\u00a0\u00a0\u00a0\u00a0\u00a0\u00a0\u00a0\u00a0\u00a0\u00a0\u00a0\u00a0\u00a0\u00a0\u00a0\u00a0\u00a0\u00a0\u00a0\u00a0\u00a0 <\/em><\/p>\n<p><strong>Nutricionista respons\u00e1vel t\u00e9cnica: <\/strong><em>S\u00edlvia Regina Lorencetti (CRN 33915)<\/em><\/p>\n<p><strong>OBS: <\/strong>necessidades nutricionais espec\u00edficas ser\u00e3o atendidas exclusivamente com apresenta\u00e7\u00e3o de laudo m\u00e9dico e adapta\u00e7\u00f5es do card\u00e1pio.\u00a0\u00a0 <strong>\u00a0\u00a0\u00a0\u00a0\u00a0\u00a0\u00a0\u00a0\u00a0\u00a0\u00a0\u00a0\u00a0\u00a0\u00a0\u00a0\u00a0\u00a0\u00a0\u00a0\u00a0\u00a0\u00a0\u00a0\u00a0\u00a0\u00a0\u00a0\u00a0\u00a0\u00a0\u00a0\u00a0\u00a0\u00a0\u00a0\u00a0\u00a0\u00a0\u00a0\u00a0\u00a0\u00a0\u00a0\u00a0\u00a0\u00a0\u00a0\u00a0\u00a0\u00a0\u00a0\u00a0\u00a0\u00a0\u00a0\u00a0\u00a0 \u00a0\u00a0\u00a0\u00a0\u00a0\u00a0\u00a0\u00a0\u00a0\u00a0\u00a0\u00a0\u00a0\u00a0\u00a0\u00a0\u00a0\u00a0\u00a0\u00a0\u00a0\u00a0\u00a0 <\/strong><\/p>\n<p><strong>\u00a0<\/strong><\/p>\n<p>&nbsp;<\/p>\n<p>&nbsp;<\/p>\n","protected":false},"excerpt":{"rendered":"<p>CARD\u00c1PIO MAIO 2019 (EMEI, ENSINO FUNDAMENTAL E ENSINO M\u00c9DIO) &nbsp; Quarta-feira &#8211; 1 de maio: Feriado. Quinta-feira &#8211; 2 de<\/p>\n","protected":false},"author":1,"featured_media":816,"comment_status":"closed","ping_status":"open","sticky":false,"template":"","format":"standard","meta":{"footnotes":""},"categories":[32],"tags":[],"class_list":["post-1373","post","type-post","status-publish","format-standard","has-post-thumbnail","hentry","category-merenda-escolar"],"_links":{"self":[{"href":"https:\/\/www.santaritadopassaquatro.sp.gov.br\/portal\/wp-json\/wp\/v2\/posts\/1373","targetHints":{"allow":["GET"]}}],"collection":[{"href":"https:\/\/www.santaritadopassaquatro.sp.gov.br\/portal\/wp-json\/wp\/v2\/posts"}],"about":[{"href":"https:\/\/www.santaritadopassaquatro.sp.gov.br\/portal\/wp-json\/wp\/v2\/types\/post"}],"author":[{"embeddable":true,"href":"https:\/\/www.santaritadopassaquatro.sp.gov.br\/portal\/wp-json\/wp\/v2\/users\/1"}],"replies":[{"embeddable":true,"href":"https:\/\/www.santaritadopassaquatro.sp.gov.br\/portal\/wp-json\/wp\/v2\/comments?post=1373"}],"version-history":[{"count":1,"href":"https:\/\/www.santaritadopassaquatro.sp.gov.br\/portal\/wp-json\/wp\/v2\/posts\/1373\/revisions"}],"predecessor-version":[{"id":1374,"href":"https:\/\/www.santaritadopassaquatro.sp.gov.br\/portal\/wp-json\/wp\/v2\/posts\/1373\/revisions\/1374"}],"wp:featuredmedia":[{"embeddable":true,"href":"https:\/\/www.santaritadopassaquatro.sp.gov.br\/portal\/wp-json\/wp\/v2\/media\/816"}],"wp:attachment":[{"href":"https:\/\/www.santaritadopassaquatro.sp.gov.br\/portal\/wp-json\/wp\/v2\/media?parent=1373"}],"wp:term":[{"taxonomy":"category","embeddable":true,"href":"https:\/\/www.santaritadopassaquatro.sp.gov.br\/portal\/wp-json\/wp\/v2\/categories?post=1373"},{"taxonomy":"post_tag","embeddable":true,"href":"https:\/\/www.santaritadopassaquatro.sp.gov.br\/portal\/wp-json\/wp\/v2\/tags?post=1373"}],"curies":[{"name":"wp","href":"https:\/\/api.w.org\/{rel}","templated":true}]}}