{"id":1381,"date":"2019-05-03T14:13:57","date_gmt":"2019-05-03T17:13:57","guid":{"rendered":"http:\/\/www.santaritadopassaquatro.sp.gov.br\/portal\/?p=1381"},"modified":"2019-05-03T14:13:57","modified_gmt":"2019-05-03T17:13:57","slug":"santa-rita-159-anos-ferreomodelismo-e-classicos-sao-atracoes-do-fim-de-semana-na-programacao-de-aniversario","status":"publish","type":"post","link":"https:\/\/www.santaritadopassaquatro.sp.gov.br\/portal\/santa-rita-159-anos-ferreomodelismo-e-classicos-sao-atracoes-do-fim-de-semana-na-programacao-de-aniversario\/","title":{"rendered":"SANTA RITA 159 ANOS:\u00a0Ferreomodelismo e Cl\u00e1ssicos s\u00e3o atra\u00e7\u00f5es do fim de semana na programa\u00e7\u00e3o de anivers\u00e1rio"},"content":{"rendered":"<p><strong><em>Encontros acontecem no s\u00e1bado e domingo na pra\u00e7a Poeta M\u00e1rio Mattoso; promo\u00e7\u00e3o \u00e9 parceria com Departamento de Cultura e Turismo<\/em><\/strong><\/p>\n<p><strong>\u00a0<\/strong><\/p>\n<figure id=\"attachment_1382\" aria-describedby=\"caption-attachment-1382\" style=\"width: 354px\" class=\"wp-caption alignleft\"><img decoding=\"async\" class=\"wp-image-1382 \" src=\"http:\/\/www.santaritadopassaquatro.sp.gov.br\/portal\/wp-content\/uploads\/2019\/05\/Ferreomodelismo_Classicos01-300x200.jpg\" alt=\"\" width=\"354\" height=\"258\" \/><figcaption id=\"caption-attachment-1382\" class=\"wp-caption-text\"><span style=\"font-size: 8pt; color: #999999;\"><em><strong>Maquete que estar\u00e1 presente no 3\u00ba Encontro de Ferreomodelismo neste s\u00e1bado na Pra\u00e7a da Esta\u00e7\u00e3o \u00a0(Arquivo\/AssCom\/Divulga\u00e7\u00e3o)<\/strong><\/em><\/span><\/figcaption><\/figure>\n<p>Uma oportunidade de voltar no tempo, quando o atual Museu Zequinha de Abreu, no centro de Santa Rita do Passa Quatro, ainda era uma esta\u00e7\u00e3o ferrovi\u00e1ria, onde embarcavam e desembarcavam passageiros dos trens da Companhia Paulista. Imagine ver a velha esta\u00e7\u00e3o com suas locomotivas ou ainda conferir como seria hoje, caso o ramal ainda estivesse em opera\u00e7\u00e3o.<\/p>\n<p>Tudo isso e muito mais, em formas de maquetes, estar\u00e1 no 3\u00ba Encontro de Ferromodelismo de Santa Rita do Passa Quatro, que acontece nestes s\u00e1bado e domingo, (4 e 5\/5), na pra\u00e7a Poeta Mario Mattoso (da Esta\u00e7\u00e3o), a partir das 10 horas.<\/p>\n<p>Promovido pela Associa\u00e7\u00e3o de Ferreomodelismo de Santa Rita em parceria com o Departamento Municipal de Cultura Turismo, o evento \u00e9 gratuito e aberto ao p\u00fablico.<\/p>\n<p>No domingo (5\/5), o mesmo local tamb\u00e9m recebe em conjunto o 2\u00ba Encontro de Cl\u00e1ssicos e Antigos, promovido pela Associa\u00e7\u00e3o Loucos Por Cl\u00e1ssicos, das 9h \u00e0s 16 horas. Al\u00e9m do ferreomodelismo, o segundo dia do evento tamb\u00e9m ir\u00e1 contar com ve\u00edculos que marcaram \u00e9poca, incluindo o cl\u00e1ssico Flecha Azul, \u00f4nibus da Via\u00e7\u00e3o Cometa que se destacou por anos nas estradas do Brasil.<\/p>\n<p><strong>\u00a0<\/strong><\/p>\n<p><strong>AIVERS\u00c1RIO DA CIDADE<\/strong><\/p>\n<p>Santa Rita do Passa Quatro completa 159 anos de funda\u00e7\u00e3o, no pr\u00f3ximo dia 22 de maio, e a Prefeitura Municipal, atrav\u00e9s do Departamento Municipal de Cultura e Turismo preparou uma programa\u00e7\u00e3o especial, com o m\u00eas todo de atividades.<\/p>\n<p>A primeira atividade j\u00e1 aconteceu na \u00faltima quarta-feira, 1\u00ba de maio, com Torneio de Pesca no Jardim do Lago. A programa\u00e7\u00e3o segue ap\u00f3s encontros de Ferreomodelismo e Cl\u00e1ssicos, no pr\u00f3ximo s\u00e1bado (11\/5), com o \u201cSabad\u00e3o Animad\u00e3o na Pra\u00e7a\u201d, evento nos moldes do Sacode a Pra\u00e7a, com presta\u00e7\u00e3o de servi\u00e7os e divers\u00e3o. De 17 a 19 de maio, sexta a domingo, acontece a 15\u00aa Exposi\u00e7\u00e3o Nacional de Orqu\u00eddeas, na EMEF Francisco Ribeiro. No mesmo fim de semana, nos dias 17 e 18 de maio, sexta-feira e s\u00e1bado, tem shows da banda Kuba Libre e do cantor L\u00e9o Moraes, com o Som de Praia.<\/p>\n<p>O 4\u00ba Desafio do Lobisomem e 1\u00ba Trekk\u00e3o, corrida e caminhada, no s\u00e1bado dia 18 de maio, no Parque Tur\u00edstico Municipal (Clube de Campo). Inscri\u00e7\u00f5es e informa\u00e7\u00f5es no site www.santaritaoutdoor.com.br. \u00a0No domingo, 19 de maio, acontece o tradicional desfile c\u00edvico pela Avenida Severino Meirelles, com diversas institui\u00e7\u00f5es da cidade e regi\u00e3o.<\/p>\n<p>No dia do anivers\u00e1rio da cidade, 22 de maio, uma tra\u00e7\u00e3o mais do que especial, com exibi\u00e7\u00e3o da Esquadrilha da Fuma\u00e7a, \u00e0 partir das 15h, no Centro Ol\u00edmpico. Craques do passado estar\u00e3o em campo no domingo, 26 de maio, em jogo beneficente entre os m\u00e1sters do Corinthians contra a Sele\u00e7\u00e3o da Cidade. A partida acontece no Campo da Cinel\u00e2ndia, \u00e0 partir das 11 horas. A ingressos ser\u00e3o trocados por alimentos n\u00e3o perec\u00edveis.<\/p>\n<p>O \u00faltimo fim de semana de comemora\u00e7\u00f5es come\u00e7a no dia 31 de maio, sexta-feira, na Esta\u00e7\u00e3o SESI de Cultura, com o espet\u00e1culo teatral Colhendo Mem\u00f3rias. \u00a0Em seguida, s\u00e1bado, \u00e0 partir das 14 horas, tem festividades no distrito de Santa Cruz da Estrela.<\/p>\n<p>&nbsp;<\/p>\n<p><strong>CONFIRA PROGRAMA\u00c7\u00c3O COMPLETA DAS ATRA\u00c7\u00d5ES EM COMEMORA\u00c7\u00c3O AOS 159 ANOS DE SANTA RITA DO PASSA QUATRO<\/strong><\/p>\n<p><strong>DIA 4 de maio (s\u00e1bado) &#8211;<\/strong> <strong>Pra\u00e7a Poeta M\u00e1rio Mattoso (Esta\u00e7\u00e3o).<br \/>\n<\/strong>3\u00ba Encontro de Ferreomodelismo \u2013 10h \u00e0s 17 horas.<\/p>\n<p><strong>DIA 5 de maio (domingo) &#8211;<\/strong> <strong>Pra\u00e7a Poeta M\u00e1rio Mattoso (Esta\u00e7\u00e3o).<br \/>\n<\/strong>3\u00ba Encontro de Ferreomodelismo e 2\u00ba Encontro de Cl\u00e1ssicos Antigos &#8211;\u00a0 9h \u00e0s 16 horas.<\/p>\n<p><strong>DIA 11 de maio (s\u00e1bado)<\/strong> <strong>&#8211;<\/strong> <strong>Pra\u00e7a Poeta M\u00e1rio Mattoso (Esta\u00e7\u00e3o).<\/strong><br \/>\n\u201cSabad\u00e3o Animad\u00e3o na Pra\u00e7a\u201d, evento como presta\u00e7\u00e3o de servi\u00e7os, shows, brinquedos, pipoca, algod\u00e3o doce, sorvete etc &#8211; das 14h \u00e0s 19 horas.<\/p>\n<p><strong>DIA 12 de maio (domingo) &#8211; Pra\u00e7a Poeta M\u00e1rio Mattoso (Esta\u00e7\u00e3o).<br \/>\n<\/strong>Circo na Pra\u00e7a &#8211; Container Circus &#8211; \u00e0s 20 horas.<\/p>\n<p><strong>DIAS 17, 18 e 19 de maio (sexta-feira a domingo) EMEF Francisco Ribeiro.<br \/>\n<\/strong>15\u00aa Exposi\u00e7\u00e3o Nacional de Orqu\u00eddeas. Abertura na sexta-feira, \u00e0s 19 horas. Visita\u00e7\u00e3o p\u00fablica, s\u00e1bado, das 9h \u00e0s 22 horas, e domingo, das 8h \u00e0s 17horas.<\/p>\n<p><strong>DIA 17 de maio (sexta-feira) &#8211; Av. Severino Meirelles<\/strong> <strong>(Matriz).<br \/>\n<\/strong>Show com a Banda Kuba Libre &#8211; \u00e0s 20 horas.<\/p>\n<p><strong>DIA 18 de maio (s\u00e1bado) \u2013 Parque Tur\u00edstico Municipal<\/strong> <strong>(Clube de Campo).<br \/>\n<\/strong>4\u00ba Desafio do Lobisomem e 1\u00ba Trekk\u00e3o \u2013 inscri\u00e7\u00f5es e informa\u00e7\u00f5es no site<br \/>\nwww.santaritaoutdoor.com.br.<\/p>\n<p><strong>DIA 18 de maio (s\u00e1bado) &#8211; Av. Severino Meirelles<\/strong> <strong>(Matriz).<br \/>\n<\/strong>Show com L\u00e9o Moraes &#8211; Som de Praia &#8211; \u00e0s 20 horas.<\/p>\n<p><strong>Dia 19 de maio (domingo)<\/strong> <strong>&#8211; Av. Severino Meirelles.<br \/>\n<\/strong>Desfile C\u00edvico Militar &#8211; \u00e0 partir das 9 horas.<\/p>\n<p><strong>DIA 22 de maio \u2013 (quarta-feira) \u2013 Centro Ol\u00edmpico.<br \/>\n<\/strong>Exibi\u00e7\u00e3o da Esquadrilha da Fuma\u00e7a &#8211; \u00e0 partir das 15 horas.<\/p>\n<p><strong>DIA 26 maio (domingo) \u2013 Campo da Cinel\u00e2ndia.<br \/>\n<\/strong>Futebol: Master Corinthians X Sele\u00e7\u00e3o da Cidade \u2013 \u00e0 partir das 11 horas.<\/p>\n<p><strong>DIA 31 de maio (sexta-feira) &#8211; Esta\u00e7\u00e3o SESI de Cultura<br \/>\n<\/strong>Teatro Colhendo Mem\u00f3rias &#8211; \u00e0s 19h30<\/p>\n<p><strong>DIA 1 de junho (s\u00e1bado) \u2013 Santa Cruz da Estrela<br \/>\n<\/strong>Comemora\u00e7\u00f5es no Distrito &#8211; \u00e0s 14h \u00e0s 19 horas<\/p>\n<p>&nbsp;<\/p>\n<p>&nbsp;<\/p>\n<p>&nbsp;<\/p>\n<p>&nbsp;<\/p>\n<p>&nbsp;<\/p>\n<p>&nbsp;<\/p>\n","protected":false},"excerpt":{"rendered":"<p>Encontros acontecem no s\u00e1bado e domingo na pra\u00e7a Poeta M\u00e1rio Mattoso; promo\u00e7\u00e3o \u00e9 parceria com Departamento de Cultura e Turismo<\/p>\n","protected":false},"author":1,"featured_media":1382,"comment_status":"closed","ping_status":"open","sticky":false,"template":"","format":"standard","meta":{"footnotes":""},"categories":[44,60],"tags":[],"class_list":["post-1381","post","type-post","status-publish","format-standard","has-post-thumbnail","hentry","category-cidades","category-turismo"],"_links":{"self":[{"href":"https:\/\/www.santaritadopassaquatro.sp.gov.br\/portal\/wp-json\/wp\/v2\/posts\/1381","targetHints":{"allow":["GET"]}}],"collection":[{"href":"https:\/\/www.santaritadopassaquatro.sp.gov.br\/portal\/wp-json\/wp\/v2\/posts"}],"about":[{"href":"https:\/\/www.santaritadopassaquatro.sp.gov.br\/portal\/wp-json\/wp\/v2\/types\/post"}],"author":[{"embeddable":true,"href":"https:\/\/www.santaritadopassaquatro.sp.gov.br\/portal\/wp-json\/wp\/v2\/users\/1"}],"replies":[{"embeddable":true,"href":"https:\/\/www.santaritadopassaquatro.sp.gov.br\/portal\/wp-json\/wp\/v2\/comments?post=1381"}],"version-history":[{"count":0,"href":"https:\/\/www.santaritadopassaquatro.sp.gov.br\/portal\/wp-json\/wp\/v2\/posts\/1381\/revisions"}],"wp:featuredmedia":[{"embeddable":true,"href":"https:\/\/www.santaritadopassaquatro.sp.gov.br\/portal\/wp-json\/wp\/v2\/media\/1382"}],"wp:attachment":[{"href":"https:\/\/www.santaritadopassaquatro.sp.gov.br\/portal\/wp-json\/wp\/v2\/media?parent=1381"}],"wp:term":[{"taxonomy":"category","embeddable":true,"href":"https:\/\/www.santaritadopassaquatro.sp.gov.br\/portal\/wp-json\/wp\/v2\/categories?post=1381"},{"taxonomy":"post_tag","embeddable":true,"href":"https:\/\/www.santaritadopassaquatro.sp.gov.br\/portal\/wp-json\/wp\/v2\/tags?post=1381"}],"curies":[{"name":"wp","href":"https:\/\/api.w.org\/{rel}","templated":true}]}}