{"id":13814,"date":"2026-04-27T09:18:40","date_gmt":"2026-04-27T12:18:40","guid":{"rendered":"https:\/\/www.santaritadopassaquatro.sp.gov.br\/portal\/?p=13814"},"modified":"2026-04-27T09:31:43","modified_gmt":"2026-04-27T12:31:43","slug":"santa-rita-celebra-o-dia-nacional-do-choro-e-o-legado-de-zequinha-de-abreu","status":"publish","type":"post","link":"https:\/\/www.santaritadopassaquatro.sp.gov.br\/portal\/santa-rita-celebra-o-dia-nacional-do-choro-e-o-legado-de-zequinha-de-abreu\/","title":{"rendered":"Santa Rita celebra o Dia Nacional do Choro e o legado de Zequinha de Abreu"},"content":{"rendered":"\n<p>Na noite desta quinta-feira, 23 de abril, a Casa do Doce, localizada na Pra\u00e7a Poeta M\u00e1rio Mattoso (Esta\u00e7\u00e3o), foi palco de uma noite especial dedicada \u00e0 valoriza\u00e7\u00e3o da m\u00fasica brasileira, da nossa identidade cultural e de expressiva participa\u00e7\u00e3o popular.<\/p>\n\n\n\n<p>Celebrado em 23 de abril, o Dia Nacional do Choro homenageia Pixinguinha, um dos maiores nomes da m\u00fasica brasileira. Santa Rita do Passa Quatro se soma a essa celebra\u00e7\u00e3o reconhecendo a import\u00e2ncia de Pixinguinha, mas tamb\u00e9m escrevendo sua pr\u00f3pria hist\u00f3ria: valorizando e exaltando um filho desta terra, Zequinha de Abreu, autor do chorinho mais famoso do planeta, \u201cTico-Tico no Fub\u00e1\u201d.<\/p>\n\n\n\n<p>A noite contou com a presen\u00e7a do Prefeito Marcelo Sim\u00e3o, do Vereador Kleber Borotto (autor da indica\u00e7\u00e3o da Celebra\u00e7\u00e3o), do Vice-Presidente da C\u00e2mara Municipal Vereador Dr. F\u00e1bio Gusman Palhares, da Neta do Zequinha de Abreu, Dona Marise, acompanhada de seu esposo Cristovam Mangione, e o casal de amigos Marisa e Gustavo Leonhardt, do Chefe de Gabinete Ronaldo Barioni Eluf, do Diretor do Departamento de Agricultura e Meio Ambiente Arthur Roque, dos Assessores de Gabinete Pedro Lolli e Daniel Fadeli, do Gestor de Comunica\u00e7\u00e3o Jo\u00e3o V\u00edtor Frutuoso, do Gestor de Cultura Igor Lima, do Presidente da APAAS Luiz Antonio Fuzaro Saidel e a Porta-Voz Ana Cristina de Oliveira, do Empres\u00e1rio Nelsinho Cury, e dos Representantes do COMCULT (Conselho Municipal de Pol\u00edticas Culturais) Fernando Meirelles e Marcos Cestari.<\/p>\n\n\n\n<p>A Celebra\u00e7\u00e3o contou ainda com apresenta\u00e7\u00e3o especial do Grupo Sururu na Cidade, m\u00fasicos que representam com excel\u00eancia o legado musical de nossa Cidade Poema. Parab\u00e9ns George Santos, Fabricio Carvalho, Beto Broglio, Rodrigo Boscoli, Toninho de Carvalho e Ivo Bragante por colocarem seus talentos a servi\u00e7o da m\u00fasica!<\/p>\n\n\n\n<p>Nosso reconhecimento tamb\u00e9m \u00e0 Casa do Doce, pela valoriza\u00e7\u00e3o dos produtores artesanais e pela uni\u00e3o entre m\u00fasica e gastronomia, fortalecendo a voca\u00e7\u00e3o tur\u00edstica de Santa Rita do Passa Quatro! \ud83c\udfbc\u2728<\/p>\n\n\n\n<figure class=\"wp-block-gallery has-nested-images columns-default is-cropped wp-block-gallery-1 is-layout-flex wp-block-gallery-is-layout-flex\">\n<figure class=\"wp-block-image size-large\"><img decoding=\"async\" width=\"1279\" height=\"1600\" data-id=\"13817\" src=\"https:\/\/www.santaritadopassaquatro.sp.gov.br\/portal\/wp-content\/uploads\/2026\/04\/01-120f3dd9-df2a-42c9-83fa-679a6cc8d0bf-1.jpg\" alt=\"\" class=\"wp-image-13817\"\/><\/figure>\n\n\n\n<figure class=\"wp-block-image size-large\"><img decoding=\"async\" width=\"1279\" height=\"1600\" data-id=\"13818\" src=\"https:\/\/www.santaritadopassaquatro.sp.gov.br\/portal\/wp-content\/uploads\/2026\/04\/02-2b211ef0-6dba-4df1-952f-56363d0358c1.jpg\" alt=\"\" class=\"wp-image-13818\"\/><\/figure>\n\n\n\n<figure class=\"wp-block-image size-large\"><img decoding=\"async\" width=\"640\" height=\"800\" data-id=\"13822\" src=\"https:\/\/www.santaritadopassaquatro.sp.gov.br\/portal\/wp-content\/uploads\/2026\/04\/03-c6e819ac-266c-4974-be37-0d9ba35f1ebe.png\" alt=\"\" class=\"wp-image-13822\"\/><\/figure>\n\n\n\n<figure class=\"wp-block-image size-large\"><img decoding=\"async\" width=\"640\" height=\"800\" data-id=\"13823\" src=\"https:\/\/www.santaritadopassaquatro.sp.gov.br\/portal\/wp-content\/uploads\/2026\/04\/04-75bf3d10-48f3-43fa-9742-4f7526a6de21.png\" alt=\"\" class=\"wp-image-13823\"\/><\/figure>\n\n\n\n<figure class=\"wp-block-image size-large\"><img decoding=\"async\" width=\"640\" height=\"800\" data-id=\"13824\" src=\"https:\/\/www.santaritadopassaquatro.sp.gov.br\/portal\/wp-content\/uploads\/2026\/04\/05-70a13cb8-b092-43c5-892f-a02d30e8b879.png\" alt=\"\" class=\"wp-image-13824\"\/><\/figure>\n\n\n\n<figure class=\"wp-block-image size-large\"><img decoding=\"async\" width=\"640\" height=\"800\" data-id=\"13825\" src=\"https:\/\/www.santaritadopassaquatro.sp.gov.br\/portal\/wp-content\/uploads\/2026\/04\/06-3e2cc603-5583-4115-8e0a-9f87683201ae.png\" alt=\"\" class=\"wp-image-13825\"\/><\/figure>\n\n\n\n<figure class=\"wp-block-image size-large\"><img decoding=\"async\" width=\"640\" height=\"800\" data-id=\"13826\" src=\"https:\/\/www.santaritadopassaquatro.sp.gov.br\/portal\/wp-content\/uploads\/2026\/04\/07-881060ff-cb18-4c8e-94c6-67fa8ac94ab3.png\" alt=\"\" class=\"wp-image-13826\"\/><\/figure>\n\n\n\n<figure class=\"wp-block-image size-large\"><img decoding=\"async\" width=\"640\" height=\"800\" data-id=\"13827\" src=\"https:\/\/www.santaritadopassaquatro.sp.gov.br\/portal\/wp-content\/uploads\/2026\/04\/08-29dd5c7e-3db8-4956-8efe-f79a3ee07bbe.png\" alt=\"\" class=\"wp-image-13827\"\/><\/figure>\n\n\n\n<figure class=\"wp-block-image size-large\"><img decoding=\"async\" width=\"640\" height=\"800\" data-id=\"13828\" src=\"https:\/\/www.santaritadopassaquatro.sp.gov.br\/portal\/wp-content\/uploads\/2026\/04\/09-0755b7e3-d11f-4f82-ac6a-3d90e8778d9a.png\" alt=\"\" class=\"wp-image-13828\"\/><\/figure>\n\n\n\n<figure class=\"wp-block-image size-large\"><img decoding=\"async\" width=\"640\" height=\"800\" data-id=\"13829\" src=\"https:\/\/www.santaritadopassaquatro.sp.gov.br\/portal\/wp-content\/uploads\/2026\/04\/10-9e926b5c-1a3e-4fba-b36d-3b227cbda03c.png\" alt=\"\" class=\"wp-image-13829\"\/><\/figure>\n\n\n\n<figure class=\"wp-block-image size-large\"><img decoding=\"async\" width=\"640\" height=\"800\" data-id=\"13830\" src=\"https:\/\/www.santaritadopassaquatro.sp.gov.br\/portal\/wp-content\/uploads\/2026\/04\/11-3a889632-08ca-42f5-88b9-a49642432110.png\" alt=\"\" class=\"wp-image-13830\"\/><\/figure>\n<\/figure>\n","protected":false},"excerpt":{"rendered":"<p>Na noite desta quinta-feira, 23 de abril, a Casa do Doce, localizada na Pra\u00e7a Poeta M\u00e1rio Mattoso (Esta\u00e7\u00e3o), foi palco<\/p>\n","protected":false},"author":1,"featured_media":13815,"comment_status":"closed","ping_status":"open","sticky":false,"template":"","format":"standard","meta":{"footnotes":""},"categories":[46,48],"tags":[],"class_list":["post-13814","post","type-post","status-publish","format-standard","has-post-thumbnail","hentry","category-cultura","category-featured"],"_links":{"self":[{"href":"https:\/\/www.santaritadopassaquatro.sp.gov.br\/portal\/wp-json\/wp\/v2\/posts\/13814","targetHints":{"allow":["GET"]}}],"collection":[{"href":"https:\/\/www.santaritadopassaquatro.sp.gov.br\/portal\/wp-json\/wp\/v2\/posts"}],"about":[{"href":"https:\/\/www.santaritadopassaquatro.sp.gov.br\/portal\/wp-json\/wp\/v2\/types\/post"}],"author":[{"embeddable":true,"href":"https:\/\/www.santaritadopassaquatro.sp.gov.br\/portal\/wp-json\/wp\/v2\/users\/1"}],"replies":[{"embeddable":true,"href":"https:\/\/www.santaritadopassaquatro.sp.gov.br\/portal\/wp-json\/wp\/v2\/comments?post=13814"}],"version-history":[{"count":3,"href":"https:\/\/www.santaritadopassaquatro.sp.gov.br\/portal\/wp-json\/wp\/v2\/posts\/13814\/revisions"}],"predecessor-version":[{"id":13832,"href":"https:\/\/www.santaritadopassaquatro.sp.gov.br\/portal\/wp-json\/wp\/v2\/posts\/13814\/revisions\/13832"}],"wp:featuredmedia":[{"embeddable":true,"href":"https:\/\/www.santaritadopassaquatro.sp.gov.br\/portal\/wp-json\/wp\/v2\/media\/13815"}],"wp:attachment":[{"href":"https:\/\/www.santaritadopassaquatro.sp.gov.br\/portal\/wp-json\/wp\/v2\/media?parent=13814"}],"wp:term":[{"taxonomy":"category","embeddable":true,"href":"https:\/\/www.santaritadopassaquatro.sp.gov.br\/portal\/wp-json\/wp\/v2\/categories?post=13814"},{"taxonomy":"post_tag","embeddable":true,"href":"https:\/\/www.santaritadopassaquatro.sp.gov.br\/portal\/wp-json\/wp\/v2\/tags?post=13814"}],"curies":[{"name":"wp","href":"https:\/\/api.w.org\/{rel}","templated":true}]}}