{"id":13847,"date":"2026-04-27T14:14:22","date_gmt":"2026-04-27T17:14:22","guid":{"rendered":"https:\/\/www.santaritadopassaquatro.sp.gov.br\/portal\/?p=13847"},"modified":"2026-04-27T14:14:23","modified_gmt":"2026-04-27T17:14:23","slug":"edital-de-atribuicao-2026-8","status":"publish","type":"post","link":"https:\/\/www.santaritadopassaquatro.sp.gov.br\/portal\/edital-de-atribuicao-2026-8\/","title":{"rendered":"EDITAL DE ATRIBUI\u00c7\u00c3O\/2026"},"content":{"rendered":"\n<p>O Departamento Municipal de Educa\u00e7\u00e3o de Santa Rita do Passa Quatro, no uso de suas atribui\u00e7\u00f5es<br>legais, vem comunicar as classes\/aulas constantes neste edital para atribui\u00e7\u00e3o que ocorrer\u00e1 no dia<br>29 de abril de 2026, \u00e0s 10h, nas depend\u00eancias do Departamento de Educa\u00e7\u00e3o, situado \u00e0 Avenida<br>Severino Meireles, n\u00ba1230, centro. Esse processo inclui como condi\u00e7\u00e3o para atribui\u00e7\u00e3o\/contrata\u00e7\u00e3o<br>tempor\u00e1ria, confer\u00eancia de documenta\u00e7\u00e3o dos docentes classificados no Processo Seletivo 01\/2025.<br><\/p>\n\n\n\n<div data-wp-interactive=\"core\/file\" class=\"wp-block-file\"><object data-wp-bind--hidden=\"!state.hasPdfPreview\" hidden class=\"wp-block-file__embed\" data=\"https:\/\/www.santaritadopassaquatro.sp.gov.br\/portal\/wp-content\/uploads\/2026\/04\/Edital-no09-atribuicao-27-de-abril-de-2026-Recuperacao-Automatica.pdf\" type=\"application\/pdf\" style=\"width:100%;height:600px\" aria-label=\"Incorporado de Edital  n\u00ba09 atribui\u00e7\u00e3o 27 de abril de 2026 (Recupera\u00e7\u00e3o Autom\u00e1tica).\"><\/object><a id=\"wp-block-file--media-e4d68c5b-afbf-4f14-9f33-525e6f0aa259\" href=\"https:\/\/www.santaritadopassaquatro.sp.gov.br\/portal\/wp-content\/uploads\/2026\/04\/Edital-no09-atribuicao-27-de-abril-de-2026-Recuperacao-Automatica.pdf\">Edital  n\u00ba09 atribui\u00e7\u00e3o 27 de abril de 2026 (Recupera\u00e7\u00e3o Autom\u00e1tica)<\/a><a href=\"https:\/\/www.santaritadopassaquatro.sp.gov.br\/portal\/wp-content\/uploads\/2026\/04\/Edital-no09-atribuicao-27-de-abril-de-2026-Recuperacao-Automatica.pdf\" class=\"wp-block-file__button wp-element-button\" download aria-describedby=\"wp-block-file--media-e4d68c5b-afbf-4f14-9f33-525e6f0aa259\">Baixar<\/a><\/div>\n","protected":false},"excerpt":{"rendered":"<p>O Departamento Municipal de Educa\u00e7\u00e3o de Santa Rita do Passa Quatro, no uso de suas atribui\u00e7\u00f5eslegais, vem comunicar as classes\/aulas<\/p>\n","protected":false},"author":1,"featured_media":0,"comment_status":"closed","ping_status":"open","sticky":false,"template":"","format":"standard","meta":{"footnotes":""},"categories":[33],"tags":[],"class_list":["post-13847","post","type-post","status-publish","format-standard","hentry","category-atribuicao-de-aulas"],"_links":{"self":[{"href":"https:\/\/www.santaritadopassaquatro.sp.gov.br\/portal\/wp-json\/wp\/v2\/posts\/13847","targetHints":{"allow":["GET"]}}],"collection":[{"href":"https:\/\/www.santaritadopassaquatro.sp.gov.br\/portal\/wp-json\/wp\/v2\/posts"}],"about":[{"href":"https:\/\/www.santaritadopassaquatro.sp.gov.br\/portal\/wp-json\/wp\/v2\/types\/post"}],"author":[{"embeddable":true,"href":"https:\/\/www.santaritadopassaquatro.sp.gov.br\/portal\/wp-json\/wp\/v2\/users\/1"}],"replies":[{"embeddable":true,"href":"https:\/\/www.santaritadopassaquatro.sp.gov.br\/portal\/wp-json\/wp\/v2\/comments?post=13847"}],"version-history":[{"count":1,"href":"https:\/\/www.santaritadopassaquatro.sp.gov.br\/portal\/wp-json\/wp\/v2\/posts\/13847\/revisions"}],"predecessor-version":[{"id":13849,"href":"https:\/\/www.santaritadopassaquatro.sp.gov.br\/portal\/wp-json\/wp\/v2\/posts\/13847\/revisions\/13849"}],"wp:attachment":[{"href":"https:\/\/www.santaritadopassaquatro.sp.gov.br\/portal\/wp-json\/wp\/v2\/media?parent=13847"}],"wp:term":[{"taxonomy":"category","embeddable":true,"href":"https:\/\/www.santaritadopassaquatro.sp.gov.br\/portal\/wp-json\/wp\/v2\/categories?post=13847"},{"taxonomy":"post_tag","embeddable":true,"href":"https:\/\/www.santaritadopassaquatro.sp.gov.br\/portal\/wp-json\/wp\/v2\/tags?post=13847"}],"curies":[{"name":"wp","href":"https:\/\/api.w.org\/{rel}","templated":true}]}}