{"id":1390,"date":"2019-05-10T16:21:49","date_gmt":"2019-05-10T19:21:49","guid":{"rendered":"http:\/\/www.santaritadopassaquatro.sp.gov.br\/portal\/?p=1390"},"modified":"2019-05-10T16:21:49","modified_gmt":"2019-05-10T19:21:49","slug":"santa-rita-159-anos-sabadao-animadao-na-praca-e-atracao-do-fim-de-semana-na-programacao-de-aniversario","status":"publish","type":"post","link":"https:\/\/www.santaritadopassaquatro.sp.gov.br\/portal\/santa-rita-159-anos-sabadao-animadao-na-praca-e-atracao-do-fim-de-semana-na-programacao-de-aniversario\/","title":{"rendered":"SANTA RITA 159 ANOS &#8211;\u00a0Sabad\u00e3o Animad\u00e3o na Pra\u00e7a \u00e9 atra\u00e7\u00e3o do fim de semana na programa\u00e7\u00e3o de anivers\u00e1rio"},"content":{"rendered":"<p><strong><em>Esportes, recrea\u00e7\u00e3o, sa\u00fade e presta\u00e7\u00e3o de servi\u00e7os estar\u00e3o reunidos neste s\u00e1bado na pra\u00e7a Poeta M\u00e1rio Mattoso; promo\u00e7\u00e3o \u00e9 do Departamento de Cultura e Turismo<\/em><\/strong><\/p>\n<p><strong>\u00a0<\/strong><\/p>\n<p><img decoding=\"async\" class=\"alignnone size-medium wp-image-1392 alignleft\" src=\"http:\/\/www.santaritadopassaquatro.sp.gov.br\/portal\/wp-content\/uploads\/2019\/05\/59804867_2327566757566666_9147782837238235136_n-220x300.jpg\" alt=\"\" width=\"220\" height=\"300\" srcset=\"https:\/\/www.santaritadopassaquatro.sp.gov.br\/portal\/wp-content\/uploads\/2019\/05\/59804867_2327566757566666_9147782837238235136_n-220x300.jpg 220w, https:\/\/www.santaritadopassaquatro.sp.gov.br\/portal\/wp-content\/uploads\/2019\/05\/59804867_2327566757566666_9147782837238235136_n.jpg 704w\" sizes=\"(max-width: 220px) 100vw, 220px\" \/>Muita alegria, com recrea\u00e7\u00e3o, esportes, cultura e presta\u00e7\u00e3o de servi\u00e7os, tudo gratuito. Assim vai ser o s\u00e1bado em Santa Rita do Passa Quatro, com o \u201cSabad\u00e3o Animad\u00e3o na Pra\u00e7a\u201d. O evento, inspirado no Sacode a Pra\u00e7a, \u00e9 uma promo\u00e7\u00e3o do Departamento de Cultura e Turismo da Prefeitura Municipal, e acontece das 14h \u00e0s 19 horas, na pra\u00e7a Poeta M\u00e1rio Mattoso.<\/p>\n<p>Entre as atra\u00e7\u00f5es est\u00e3o programados brinquedos infl\u00e1veis, pula-pula, touro mec\u00e2nico, trenzinho da alegria, carreta furac\u00e3o e passeio de \u00f4nibus, jogos e atividades recreativas e esportivas, m\u00fasica, servi\u00e7os de sa\u00fade, pipoca, algod\u00e3o doce, cachorro quente e sorvete, entre outros.<\/p>\n<p>&nbsp;<\/p>\n<p><strong>AIVERS\u00c1RIO DA CIDADE<\/strong><\/p>\n<figure id=\"attachment_1393\" aria-describedby=\"caption-attachment-1393\" style=\"width: 300px\" class=\"wp-caption alignright\"><img decoding=\"async\" class=\"wp-image-1393 size-medium\" src=\"http:\/\/www.santaritadopassaquatro.sp.gov.br\/portal\/wp-content\/uploads\/2019\/05\/IMG_3181-300x200.jpg\" alt=\"\" width=\"300\" height=\"200\" srcset=\"https:\/\/www.santaritadopassaquatro.sp.gov.br\/portal\/wp-content\/uploads\/2019\/05\/IMG_3181-300x200.jpg 300w, https:\/\/www.santaritadopassaquatro.sp.gov.br\/portal\/wp-content\/uploads\/2019\/05\/IMG_3181-768x512.jpg 768w, https:\/\/www.santaritadopassaquatro.sp.gov.br\/portal\/wp-content\/uploads\/2019\/05\/IMG_3181-1024x683.jpg 1024w\" sizes=\"(max-width: 300px) 100vw, 300px\" \/><figcaption id=\"caption-attachment-1393\" class=\"wp-caption-text\"><span style=\"font-size: 8pt; color: #999999;\"><em><strong>O prefeito com organizadores do Encontro de Ferreomodelismo, no \u00faltimo s\u00e1bado (AssCom\/Divulga\u00e7\u00e3o)<\/strong><\/em><\/span><\/figcaption><\/figure>\n<p>Santa Rita do Passa Quatro completa 159 anos de funda\u00e7\u00e3o, no pr\u00f3ximo dia 22 de maio, e a Prefeitura Municipal, atrav\u00e9s do Departamento Municipal de Cultura e Turismo preparou uma programa\u00e7\u00e3o especial, com o m\u00eas todo de atividades.<\/p>\n<p>As primeiras atividades j\u00e1 aconteceram com Torneio de Pesca no Jardim do Lago, no feriado de 1\u00ba de Maio, al\u00e9m do 3\u00ba Encontro de Ferromodelismo e 2\u00ba Encontro de Cl\u00e1ssicos e antigos, realizados no \u00faltimo fim de semana, na pra\u00e7a Poeta M\u00e1rio Mattoso.<\/p>\n<p>A programa\u00e7\u00e3o segue na semana seguinte com a 15\u00aa Exposi\u00e7\u00e3o Nacional de Orqu\u00eddeas, na EMEF Francisco Ribeiro, nos dias 17 a 19 de maio, sexta a domingo. No mesmo fim de semana, sexta-feira e s\u00e1bado (17 e 18\/5), tem shows da banda Kuba Libre e do cantor L\u00e9o Moraes, com o Som de Praia.<\/p>\n<figure id=\"attachment_1391\" aria-describedby=\"caption-attachment-1391\" style=\"width: 300px\" class=\"wp-caption alignleft\"><img decoding=\"async\" class=\"wp-image-1391 size-medium\" src=\"http:\/\/www.santaritadopassaquatro.sp.gov.br\/portal\/wp-content\/uploads\/2019\/05\/IMG_3405-300x200.jpg\" alt=\"\" width=\"300\" height=\"200\" srcset=\"https:\/\/www.santaritadopassaquatro.sp.gov.br\/portal\/wp-content\/uploads\/2019\/05\/IMG_3405-300x200.jpg 300w, https:\/\/www.santaritadopassaquatro.sp.gov.br\/portal\/wp-content\/uploads\/2019\/05\/IMG_3405-768x512.jpg 768w, https:\/\/www.santaritadopassaquatro.sp.gov.br\/portal\/wp-content\/uploads\/2019\/05\/IMG_3405-1024x683.jpg 1024w\" sizes=\"(max-width: 300px) 100vw, 300px\" \/><figcaption id=\"caption-attachment-1391\" class=\"wp-caption-text\"><span style=\"font-size: 8pt; color: #999999;\"><em><strong>Carros antigos e cl\u00e1ssicos presentes no encontro de domingo (AssCom\/Divulga\u00e7\u00e3o)<\/strong><\/em><\/span><\/figcaption><\/figure>\n<p>O 4\u00ba Desafio do Lobisomem e 1\u00ba Trekk\u00e3o, corrida e caminhada, no s\u00e1bado dia 18 de maio, no Parque Tur\u00edstico Municipal (Clube de Campo). Inscri\u00e7\u00f5es e informa\u00e7\u00f5es no site www.santaritaoutdoor.com.br. \u00a0No domingo, 19 de maio, acontece o tradicional desfile c\u00edvico pela Avenida Severino Meirelles, com diversas institui\u00e7\u00f5es da cidade e regi\u00e3o.<\/p>\n<p>No dia do anivers\u00e1rio da cidade, 22 de maio, uma tra\u00e7\u00e3o mais do que especial, com exibi\u00e7\u00e3o da Esquadrilha da Fuma\u00e7a, \u00e0 partir das 15h, no Centro Ol\u00edmpico. Craques do passado estar\u00e3o em campo no domingo, 26 de maio, em jogo beneficente entre os m\u00e1sters do Corinthians contra a Sele\u00e7\u00e3o da Cidade. A partida acontece no Campo da Cinel\u00e2ndia, \u00e0 partir das 11 horas. A ingressos ser\u00e3o trocados por alimentos n\u00e3o perec\u00edveis.<\/p>\n<p>O \u00faltimo fim de semana de comemora\u00e7\u00f5es come\u00e7a no dia 31 de maio, sexta-feira, na Esta\u00e7\u00e3o SESI de Cultura, com o espet\u00e1culo teatral Colhendo Mem\u00f3rias. \u00a0Em seguida, s\u00e1bado, \u00e0 partir das 14 horas, tem festividades no distrito de Santa Cruz da Estrela.<\/p>\n<p>&nbsp;<\/p>\n<p><strong>CONFIRA PROGRAMA\u00c7\u00c3O COMPLETA DAS ATRA\u00c7\u00d5ES EM COMEMORA\u00c7\u00c3O AOS 159 ANOS DE SANTA RITA DO PASSA QUATRO<\/strong><\/p>\n<p><strong>DIA 11 de maio (s\u00e1bado)<\/strong> <strong>&#8211;<\/strong> <strong>Pra\u00e7a Poeta M\u00e1rio Mattoso (Esta\u00e7\u00e3o).<\/strong><br \/>\n\u201cSabad\u00e3o Animad\u00e3o na Pra\u00e7a\u201d, evento como presta\u00e7\u00e3o de servi\u00e7os, shows, brinquedos, pipoca, algod\u00e3o doce, sorvete etc &#8211; das 14h \u00e0s 19 horas.<\/p>\n<p><strong>DIA 12 de maio (domingo) &#8211; Pra\u00e7a Poeta M\u00e1rio Mattoso (Esta\u00e7\u00e3o).<br \/>\n<\/strong>Circo na Pra\u00e7a &#8211; Container Circus &#8211; \u00e0s 20 horas.<\/p>\n<p><strong>DIAS 17, 18 e 19 de maio (sexta-feira a domingo) EMEF Francisco Ribeiro.<br \/>\n<\/strong>15\u00aa Exposi\u00e7\u00e3o Nacional de Orqu\u00eddeas. Abertura na sexta-feira, \u00e0s 19 horas. Visita\u00e7\u00e3o p\u00fablica, s\u00e1bado, das 9h \u00e0s 22 horas, e domingo, das 8h \u00e0s 17horas.<\/p>\n<p><strong>DIA 17 de maio (sexta-feira) &#8211; Av. Severino Meirelles<\/strong> <strong>(Matriz).<br \/>\n<\/strong>Show com a Banda Kuba Libre &#8211; \u00e0s 20 horas.<\/p>\n<p><strong>DIA 18 de maio (s\u00e1bado) \u2013 Parque Tur\u00edstico Municipal<\/strong> <strong>(Clube de Campo).<br \/>\n<\/strong>4\u00ba Desafio do Lobisomem e 1\u00ba Trekk\u00e3o \u2013 inscri\u00e7\u00f5es e informa\u00e7\u00f5es no site<br \/>\nwww.santaritaoutdoor.com.br.<\/p>\n<p><strong>DIA 18 de maio (s\u00e1bado) &#8211; Av. Severino Meirelles<\/strong> <strong>(Matriz).<br \/>\n<\/strong>Show com L\u00e9o Moraes &#8211; Som de Praia &#8211; \u00e0s 20 horas.<\/p>\n<p><strong>Dia 19 de maio (domingo)<\/strong> <strong>&#8211; Av. Severino Meirelles.<br \/>\n<\/strong>Desfile C\u00edvico Militar &#8211; \u00e0 partir das 9 horas.<\/p>\n<p><strong>DIA 22 de maio \u2013 (quarta-feira) \u2013 Centro Ol\u00edmpico.<br \/>\n<\/strong>Exibi\u00e7\u00e3o da Esquadrilha da Fuma\u00e7a &#8211; \u00e0 partir das 15 horas.<\/p>\n<p><strong>DIA 26 maio (domingo) \u2013 Campo da Cinel\u00e2ndia.<br \/>\n<\/strong>Futebol: Master Corinthians X Sele\u00e7\u00e3o da Cidade \u2013 \u00e0 partir das 11 horas.<\/p>\n<p><strong>DIA 31 de maio (sexta-feira) &#8211; Esta\u00e7\u00e3o SESI de Cultura<br \/>\n<\/strong>Teatro Colhendo Mem\u00f3rias &#8211; \u00e0s 19h30<\/p>\n<p><strong>DIA 1 de junho (s\u00e1bado) \u2013 Santa Cruz da Estrela<br \/>\n<\/strong>Comemora\u00e7\u00f5es no Distrito &#8211; \u00e0s 14h \u00e0s 19 horas<\/p>\n<p>&nbsp;<\/p>\n","protected":false},"excerpt":{"rendered":"<p>Esportes, recrea\u00e7\u00e3o, sa\u00fade e presta\u00e7\u00e3o de servi\u00e7os estar\u00e3o reunidos neste s\u00e1bado na pra\u00e7a Poeta M\u00e1rio Mattoso; promo\u00e7\u00e3o \u00e9 do Departamento<\/p>\n","protected":false},"author":1,"featured_media":1392,"comment_status":"closed","ping_status":"open","sticky":false,"template":"","format":"standard","meta":{"footnotes":""},"categories":[44,60],"tags":[],"class_list":["post-1390","post","type-post","status-publish","format-standard","has-post-thumbnail","hentry","category-cidades","category-turismo"],"_links":{"self":[{"href":"https:\/\/www.santaritadopassaquatro.sp.gov.br\/portal\/wp-json\/wp\/v2\/posts\/1390","targetHints":{"allow":["GET"]}}],"collection":[{"href":"https:\/\/www.santaritadopassaquatro.sp.gov.br\/portal\/wp-json\/wp\/v2\/posts"}],"about":[{"href":"https:\/\/www.santaritadopassaquatro.sp.gov.br\/portal\/wp-json\/wp\/v2\/types\/post"}],"author":[{"embeddable":true,"href":"https:\/\/www.santaritadopassaquatro.sp.gov.br\/portal\/wp-json\/wp\/v2\/users\/1"}],"replies":[{"embeddable":true,"href":"https:\/\/www.santaritadopassaquatro.sp.gov.br\/portal\/wp-json\/wp\/v2\/comments?post=1390"}],"version-history":[{"count":0,"href":"https:\/\/www.santaritadopassaquatro.sp.gov.br\/portal\/wp-json\/wp\/v2\/posts\/1390\/revisions"}],"wp:featuredmedia":[{"embeddable":true,"href":"https:\/\/www.santaritadopassaquatro.sp.gov.br\/portal\/wp-json\/wp\/v2\/media\/1392"}],"wp:attachment":[{"href":"https:\/\/www.santaritadopassaquatro.sp.gov.br\/portal\/wp-json\/wp\/v2\/media?parent=1390"}],"wp:term":[{"taxonomy":"category","embeddable":true,"href":"https:\/\/www.santaritadopassaquatro.sp.gov.br\/portal\/wp-json\/wp\/v2\/categories?post=1390"},{"taxonomy":"post_tag","embeddable":true,"href":"https:\/\/www.santaritadopassaquatro.sp.gov.br\/portal\/wp-json\/wp\/v2\/tags?post=1390"}],"curies":[{"name":"wp","href":"https:\/\/api.w.org\/{rel}","templated":true}]}}