{"id":1399,"date":"2019-05-17T13:51:16","date_gmt":"2019-05-17T16:51:16","guid":{"rendered":"http:\/\/www.santaritadopassaquatro.sp.gov.br\/portal\/?p=1399"},"modified":"2019-05-17T13:51:16","modified_gmt":"2019-05-17T16:51:16","slug":"tiro-de-guerra-entrega-a-revistinha-o-recrutinha-nas-escolas-municipais","status":"publish","type":"post","link":"https:\/\/www.santaritadopassaquatro.sp.gov.br\/portal\/tiro-de-guerra-entrega-a-revistinha-o-recrutinha-nas-escolas-municipais\/","title":{"rendered":"Tiro de Guerra entrega a revistinha \u201cO Recrutinha\u201d nas escolas municipais"},"content":{"rendered":"<p><img decoding=\"async\" class=\"alignnone size-medium wp-image-1401 alignleft\" src=\"http:\/\/www.santaritadopassaquatro.sp.gov.br\/portal\/wp-content\/uploads\/2019\/05\/20190423_083754-300x169.jpg\" alt=\"\" width=\"300\" height=\"169\" srcset=\"https:\/\/www.santaritadopassaquatro.sp.gov.br\/portal\/wp-content\/uploads\/2019\/05\/20190423_083754-300x169.jpg 300w, https:\/\/www.santaritadopassaquatro.sp.gov.br\/portal\/wp-content\/uploads\/2019\/05\/20190423_083754-768x432.jpg 768w, https:\/\/www.santaritadopassaquatro.sp.gov.br\/portal\/wp-content\/uploads\/2019\/05\/20190423_083754-1024x576.jpg 1024w\" sizes=\"(max-width: 300px) 100vw, 300px\" \/>Como parte das comemora\u00e7\u00f5es \u00e0 semana do Ex\u00e9rcito Brasileiro, no per\u00edodo de 22 a 30 de abril, os Atiradores do Tiro de Guerra 02-077 visitaram a Creche Maria Am\u00e9lia, na Escola CAIC Laura Suriani Barbuio, no Instituto Filhas de S\u00e3o Jos\u00e9, na Escola Francisco Ribeiro e na Cooperativa de Ensino de Santa Rita onde realizaram a entrega em todas as salas da Revistinha o Recrutinha \u00e0s criancinhas que frequentam \u00e0 escola no per\u00edodo da manh\u00e3 e da tarde.<\/p>\n<p>\u201c\u00c9 o Ex\u00e9rcito Brasileiro, representado na Est\u00e2ncia Clim\u00e1tica de Santa Rita do Passa Quatro, pelo Tiro de Guerra 02-077, escola de civismo e cidadania, estreitando la\u00e7os de amizade, companheirismo e lealdade\u201d.<\/p>\n","protected":false},"excerpt":{"rendered":"<p>Como parte das comemora\u00e7\u00f5es \u00e0 semana do Ex\u00e9rcito Brasileiro, no per\u00edodo de 22 a 30 de abril, os Atiradores do<\/p>\n","protected":false},"author":1,"featured_media":1400,"comment_status":"closed","ping_status":"open","sticky":false,"template":"","format":"standard","meta":{"footnotes":""},"categories":[36],"tags":[],"class_list":["post-1399","post","type-post","status-publish","format-standard","has-post-thumbnail","hentry","category-tiro-de-guerra"],"_links":{"self":[{"href":"https:\/\/www.santaritadopassaquatro.sp.gov.br\/portal\/wp-json\/wp\/v2\/posts\/1399","targetHints":{"allow":["GET"]}}],"collection":[{"href":"https:\/\/www.santaritadopassaquatro.sp.gov.br\/portal\/wp-json\/wp\/v2\/posts"}],"about":[{"href":"https:\/\/www.santaritadopassaquatro.sp.gov.br\/portal\/wp-json\/wp\/v2\/types\/post"}],"author":[{"embeddable":true,"href":"https:\/\/www.santaritadopassaquatro.sp.gov.br\/portal\/wp-json\/wp\/v2\/users\/1"}],"replies":[{"embeddable":true,"href":"https:\/\/www.santaritadopassaquatro.sp.gov.br\/portal\/wp-json\/wp\/v2\/comments?post=1399"}],"version-history":[{"count":1,"href":"https:\/\/www.santaritadopassaquatro.sp.gov.br\/portal\/wp-json\/wp\/v2\/posts\/1399\/revisions"}],"predecessor-version":[{"id":1402,"href":"https:\/\/www.santaritadopassaquatro.sp.gov.br\/portal\/wp-json\/wp\/v2\/posts\/1399\/revisions\/1402"}],"wp:featuredmedia":[{"embeddable":true,"href":"https:\/\/www.santaritadopassaquatro.sp.gov.br\/portal\/wp-json\/wp\/v2\/media\/1400"}],"wp:attachment":[{"href":"https:\/\/www.santaritadopassaquatro.sp.gov.br\/portal\/wp-json\/wp\/v2\/media?parent=1399"}],"wp:term":[{"taxonomy":"category","embeddable":true,"href":"https:\/\/www.santaritadopassaquatro.sp.gov.br\/portal\/wp-json\/wp\/v2\/categories?post=1399"},{"taxonomy":"post_tag","embeddable":true,"href":"https:\/\/www.santaritadopassaquatro.sp.gov.br\/portal\/wp-json\/wp\/v2\/tags?post=1399"}],"curies":[{"name":"wp","href":"https:\/\/api.w.org\/{rel}","templated":true}]}}