{"id":1417,"date":"2019-05-17T14:06:37","date_gmt":"2019-05-17T17:06:37","guid":{"rendered":"http:\/\/www.santaritadopassaquatro.sp.gov.br\/portal\/?p=1417"},"modified":"2019-05-17T14:06:37","modified_gmt":"2019-05-17T17:06:37","slug":"prefeito-e-vereadores-tem-reuniao-com-presidente-da-alesp-sobre-o-cais-sr","status":"publish","type":"post","link":"https:\/\/www.santaritadopassaquatro.sp.gov.br\/portal\/prefeito-e-vereadores-tem-reuniao-com-presidente-da-alesp-sobre-o-cais-sr\/","title":{"rendered":"Prefeito e vereadores t\u00eam reuni\u00e3o com presidente da Alesp sobre o CAIS-SR"},"content":{"rendered":"<p><strong><em>Grupo apresentou demandas consideradas importantes para desenvolvimento do hospital; deputado se comprometeu em marcar audi\u00eancia com Secret\u00e1rio de Sa\u00fade<\/em><\/strong><\/p>\n<p>&nbsp;<\/p>\n<figure id=\"attachment_1419\" aria-describedby=\"caption-attachment-1419\" style=\"width: 300px\" class=\"wp-caption alignleft\"><img decoding=\"async\" class=\"wp-image-1419 size-medium\" src=\"http:\/\/www.santaritadopassaquatro.sp.gov.br\/portal\/wp-content\/uploads\/2019\/05\/Caue_CAIS01-300x200.jpeg\" alt=\"\" width=\"300\" height=\"200\" srcset=\"https:\/\/www.santaritadopassaquatro.sp.gov.br\/portal\/wp-content\/uploads\/2019\/05\/Caue_CAIS01-300x200.jpeg 300w, https:\/\/www.santaritadopassaquatro.sp.gov.br\/portal\/wp-content\/uploads\/2019\/05\/Caue_CAIS01-768x512.jpeg 768w, https:\/\/www.santaritadopassaquatro.sp.gov.br\/portal\/wp-content\/uploads\/2019\/05\/Caue_CAIS01-1024x682.jpeg 1024w, https:\/\/www.santaritadopassaquatro.sp.gov.br\/portal\/wp-content\/uploads\/2019\/05\/Caue_CAIS01.jpeg 1280w\" sizes=\"(max-width: 300px) 100vw, 300px\" \/><figcaption id=\"caption-attachment-1419\" class=\"wp-caption-text\"><span style=\"font-size: 8pt; color: #999999;\"><em><strong>O prefeito e vereadores em reuni\u00e3o com o presidente da Assembleia Legislativa do Estado para tratar do futuro do CAIS-SR (Divulga\u00e7\u00e3o)<\/strong><\/em><\/span><\/figcaption><\/figure>\n<p>O prefeito de Santa Rita do Passa Quatro, Leandro Luciano dos Santos, foi recebido mais uma vez no gabinete do deputado estadual e presidente da Assembleia Legislativa do Estado de S\u00e3o Paulo, Cau\u00ea Macris (PSDB).<\/p>\n<p>Acompanhado dos vereadores Lucas Comin Loureiro, Hermelinda S. dos Santos Rani e Juliana Garcia Lorencetti, o prefeito tratou de demandas consideradas importantes para manter a estrutura e poder, atrav\u00e9s de parcerias, realizar melhorias no CAIS-SR (Centro de Aten\u00e7\u00e3o Integral \u00e0 Sa\u00fade). O deputado se comprometeu em marcar uma audi\u00eancia com o Secret\u00e1rio Estadual de Sa\u00fade, Dr. Jos\u00e9 Henrique Germann Ferreira, para tratar do assunto.<\/p>\n<p>O prefeito considera de grande import\u00e2ncia a participa\u00e7\u00e3o dos vereadores, junto ao Executivo Municipal, em busca de melhorias para o CAIS-SR, assunto ligado diretamente ao futuro do munic\u00edpio.<\/p>\n<p>O centro de Aten\u00e7\u00e3o Integral \u00e0 Sa\u00fade de Santa Rita \u00e9 um hospital especializado na \u00e1rea da sa\u00fade mental, que presta assist\u00eancia a pacientes portadores de transtorno mental de longa evolu\u00e7\u00e3o, pacientes agudos e dependentes qu\u00edmicos, comp\u00f5e a rede de servi\u00e7os da DRS XIII de Ribeir\u00e3o Preto e conta com um quadro de 604 funcion\u00e1rios, de acordo com a Secretaria de Sa\u00fade.<\/p>\n<p>Fundado em 1949, o Sanat\u00f3rio Col\u00f4nia de Santa Rita, o hospital tinha como finalidade de atender pacientes portadores de tuberculose. No final de 1973, a unidade foi convertida em hospital psiqui\u00e1trico e em, meados de 1999, passou a ser denominado Centro de Aten\u00e7\u00e3o Integral \u00e0 Sa\u00fade de Santa Rita (CAIS-SR).<\/p>\n<p><strong>\u00a0<\/strong><\/p>\n<p>&nbsp;<\/p>\n<p>&nbsp;<\/p>\n","protected":false},"excerpt":{"rendered":"<p>Grupo apresentou demandas consideradas importantes para desenvolvimento do hospital; deputado se comprometeu em marcar audi\u00eancia com Secret\u00e1rio de Sa\u00fade &nbsp;<\/p>\n","protected":false},"author":1,"featured_media":1418,"comment_status":"closed","ping_status":"open","sticky":false,"template":"","format":"standard","meta":{"footnotes":""},"categories":[44,52,58],"tags":[],"class_list":["post-1417","post","type-post","status-publish","format-standard","has-post-thumbnail","hentry","category-cidades","category-latest","category-health"],"_links":{"self":[{"href":"https:\/\/www.santaritadopassaquatro.sp.gov.br\/portal\/wp-json\/wp\/v2\/posts\/1417","targetHints":{"allow":["GET"]}}],"collection":[{"href":"https:\/\/www.santaritadopassaquatro.sp.gov.br\/portal\/wp-json\/wp\/v2\/posts"}],"about":[{"href":"https:\/\/www.santaritadopassaquatro.sp.gov.br\/portal\/wp-json\/wp\/v2\/types\/post"}],"author":[{"embeddable":true,"href":"https:\/\/www.santaritadopassaquatro.sp.gov.br\/portal\/wp-json\/wp\/v2\/users\/1"}],"replies":[{"embeddable":true,"href":"https:\/\/www.santaritadopassaquatro.sp.gov.br\/portal\/wp-json\/wp\/v2\/comments?post=1417"}],"version-history":[{"count":0,"href":"https:\/\/www.santaritadopassaquatro.sp.gov.br\/portal\/wp-json\/wp\/v2\/posts\/1417\/revisions"}],"wp:featuredmedia":[{"embeddable":true,"href":"https:\/\/www.santaritadopassaquatro.sp.gov.br\/portal\/wp-json\/wp\/v2\/media\/1418"}],"wp:attachment":[{"href":"https:\/\/www.santaritadopassaquatro.sp.gov.br\/portal\/wp-json\/wp\/v2\/media?parent=1417"}],"wp:term":[{"taxonomy":"category","embeddable":true,"href":"https:\/\/www.santaritadopassaquatro.sp.gov.br\/portal\/wp-json\/wp\/v2\/categories?post=1417"},{"taxonomy":"post_tag","embeddable":true,"href":"https:\/\/www.santaritadopassaquatro.sp.gov.br\/portal\/wp-json\/wp\/v2\/tags?post=1417"}],"curies":[{"name":"wp","href":"https:\/\/api.w.org\/{rel}","templated":true}]}}