{"id":1421,"date":"2019-05-17T14:11:13","date_gmt":"2019-05-17T17:11:13","guid":{"rendered":"http:\/\/www.santaritadopassaquatro.sp.gov.br\/portal\/?p=1421"},"modified":"2019-05-17T14:11:13","modified_gmt":"2019-05-17T17:11:13","slug":"santa-rita-159-anos-sabadao-animadao-reune-cerca-de-3-mil-pessoas-na-praca-poeta-mario-mattoso-no-ultimo-sabado","status":"publish","type":"post","link":"https:\/\/www.santaritadopassaquatro.sp.gov.br\/portal\/santa-rita-159-anos-sabadao-animadao-reune-cerca-de-3-mil-pessoas-na-praca-poeta-mario-mattoso-no-ultimo-sabado\/","title":{"rendered":"SANTA RITA 159 ANOS:\u00a0\u201cSabad\u00e3o Animad\u00e3o\u201d re\u00fane cerca de 3 mil pessoas na Pra\u00e7a Poeta M\u00e1rio Mattoso, no \u00faltimo s\u00e1bado"},"content":{"rendered":"<p><strong><em>Promo\u00e7\u00e3o do Departamento de Cultura e Turismo, evento contou com atendimento de sa\u00fade, recrea\u00e7\u00e3o, m\u00fasica, dan\u00e7a, passeios e sorteios<\/em><\/strong><\/p>\n<p>&nbsp;<\/p>\n<figure id=\"attachment_1422\" aria-describedby=\"caption-attachment-1422\" style=\"width: 300px\" class=\"wp-caption alignleft\"><img decoding=\"async\" class=\"wp-image-1422 size-medium\" src=\"http:\/\/www.santaritadopassaquatro.sp.gov.br\/portal\/wp-content\/uploads\/2019\/05\/Sabadao-Animadao-FOTO-01-Abertura-300x200.jpg\" alt=\"\" width=\"300\" height=\"200\" srcset=\"https:\/\/www.santaritadopassaquatro.sp.gov.br\/portal\/wp-content\/uploads\/2019\/05\/Sabadao-Animadao-FOTO-01-Abertura-300x200.jpg 300w, https:\/\/www.santaritadopassaquatro.sp.gov.br\/portal\/wp-content\/uploads\/2019\/05\/Sabadao-Animadao-FOTO-01-Abertura-768x512.jpg 768w, https:\/\/www.santaritadopassaquatro.sp.gov.br\/portal\/wp-content\/uploads\/2019\/05\/Sabadao-Animadao-FOTO-01-Abertura-1024x683.jpg 1024w\" sizes=\"(max-width: 300px) 100vw, 300px\" \/><figcaption id=\"caption-attachment-1422\" class=\"wp-caption-text\"><span style=\"font-size: 8pt; color: #999999;\"><em><strong>O prefeito e autoridades durante abertura do Sabad\u00e3o Animad\u00e3o na Pra\u00e7a, no \u00faltimo s\u00e1bado (AssCom\/Divulga\u00e7\u00e3o)<\/strong><\/em><\/span><\/figcaption><\/figure>\n<p>Sucesso! Assim pode ser definido o no \u201cSabad\u00e3o Animad\u00e3o na Pra\u00e7a\u201d, promovido pelo Departamento Municipal de Cultura e Turismo, no \u00faltimo s\u00e1bado (11\/5) reuniu cerca de 3 mil pessoas na Poeta M\u00e1rio Mattoso (Esta\u00e7\u00e3o). O evento nos moldes do Sacode a Pra\u00e7a, contou com presta\u00e7\u00e3o de servi\u00e7os, muita divers\u00e3o e sorteios.<\/p>\n<p>Foi uma tarde muito movimentada com atendimento de sa\u00fade, vacina\u00e7\u00e3o e Centro Odontol\u00f3gico, al\u00e9m de muita recrea\u00e7\u00e3o, com brinquedos infl\u00e1veis, pula-pula, touro mec\u00e2nico, trenzinho da alegria, carreta furac\u00e3o e passeio de \u00f4nibus, jogos, m\u00fasica, dan\u00e7a, distribui\u00e7\u00e3o pipoca, algod\u00e3o doce, cachorro quente, sorvete e sorteio de pr\u00eamios e brindes, como bolas e at\u00e9 bicicleta. O prefeito Leandro Luciano dos Santos participou da abertura, agradecendo a todos os envolvidos na organiza\u00e7\u00e3o do evento.<\/p>\n<figure id=\"attachment_1424\" aria-describedby=\"caption-attachment-1424\" style=\"width: 300px\" class=\"wp-caption alignright\"><img decoding=\"async\" class=\"wp-image-1424 size-medium\" src=\"http:\/\/www.santaritadopassaquatro.sp.gov.br\/portal\/wp-content\/uploads\/2019\/05\/Sabadao-Animadao-FOTO-03-saude-300x200.jpg\" alt=\"\" width=\"300\" height=\"200\" srcset=\"https:\/\/www.santaritadopassaquatro.sp.gov.br\/portal\/wp-content\/uploads\/2019\/05\/Sabadao-Animadao-FOTO-03-saude-300x200.jpg 300w, https:\/\/www.santaritadopassaquatro.sp.gov.br\/portal\/wp-content\/uploads\/2019\/05\/Sabadao-Animadao-FOTO-03-saude-768x512.jpg 768w, https:\/\/www.santaritadopassaquatro.sp.gov.br\/portal\/wp-content\/uploads\/2019\/05\/Sabadao-Animadao-FOTO-03-saude-1024x683.jpg 1024w\" sizes=\"(max-width: 300px) 100vw, 300px\" \/><figcaption id=\"caption-attachment-1424\" class=\"wp-caption-text\"><span style=\"font-size: 8pt; color: #999999;\"><em><strong>Atendimento odontol\u00f3gico esteve entre os v\u00e1rios servi\u00e7os de sa\u00fade oferecidos aos presentes na Pra\u00e7a da Esta\u00e7\u00e3o (AssCom\/Divulga\u00e7\u00e3o)<\/strong><\/em><\/span><\/figcaption><\/figure>\n<p>Tamb\u00e9m na Pra\u00e7a Poeta M\u00e1rio Mattoso, a noite de domingo tamb\u00e9m foi muito animada com as acrobacias e malabarismos do espet\u00e1culo Container Circus. Um espet\u00e1culo din\u00e2mico e energ\u00e9tico com c\u00f4micos artistas malabaristas e seus n\u00fameros cl\u00e1ssicos de acrobacias, malabarismo e equilibrismo, no ch\u00e3o ou a mais de tr\u00eas metros de altura. O resultado foi um sucesso total tanto para as crian\u00e7as como para os adultos.<\/p>\n<p>Os eventos do fim de semana fizeram parte de um calend\u00e1rio com o m\u00eas inteiro de atividades as comemora\u00e7\u00f5es pelo anivers\u00e1rio da cidade. As atividades come\u00e7aram logo no dia 1\u00ba de maio, com Torneio de Pesca no Jardim do Lago. A programa\u00e7\u00e3o teve sequ\u00eancia com o 3\u00ba Encontro de Ferreomodelismo e o 2\u00ba Encontro de Cl\u00e1ssicos e Antigos, na pra\u00e7a Poeta Mario Mattoso, nos dias 4 e 5, s\u00e1bado e domingo.<\/p>\n<p>&nbsp;<\/p>\n<p><strong>PR\u00d3XIMAS ATRA\u00c7\u00d5ES<\/strong><\/p>\n<p>Craques do passado estar\u00e3o em campo no domingo, 26 de maio, em jogo beneficente entre os m\u00e1sters do Corinthians contra a Sele\u00e7\u00e3o da Cidade. A partida acontece no Campo da Cinel\u00e2ndia, \u00e0 partir das 11 horas. A ingressos ser\u00e3o trocados por alimentos n\u00e3o perec\u00edveis, em diversos pontos de coleta espalhados pela cidade.<\/p>\n<p>O \u00faltimo fim de semana de comemora\u00e7\u00f5es come\u00e7a no dia 31 de maio, sexta-feira, na Esta\u00e7\u00e3o SESI de Cultura, com o espet\u00e1culo teatral Colhendo Mem\u00f3rias.\u00a0 Em seguida, s\u00e1bado, \u00e0 partir das 14 horas, tem festividades no distrito de Santa Cruz da Estrela.<\/p>\n<p>&nbsp;<\/p>\n<p><strong>CONFIRA PROGRAMA\u00c7\u00c3O COMPLETA DAS ATRA\u00c7\u00d5ES EM COMEMORA\u00c7\u00c3O AOS 159 ANOS DE SANTA RITA DO PASSA QUATRO<\/strong><\/p>\n<p><strong>DIAS 17, 18 e 19 de maio (sexta-feira a domingo) EMEF Francisco Ribeiro.<br \/>\n<\/strong>15\u00aa Exposi\u00e7\u00e3o Nacional de Orqu\u00eddeas. Abertura na sexta-feira, \u00e0s 19 horas. Visita\u00e7\u00e3o p\u00fablica, s\u00e1bado, das 9h \u00e0s 22 horas, e domingo, das 8h \u00e0s 17horas.<\/p>\n<p><strong>DIA 17 de maio (sexta-feira) &#8211; Av. Severino Meirelles<\/strong> <strong>(Matriz).<br \/>\n<\/strong>Show com a Banda Kuba Libre &#8211; \u00e0s 20 horas.<\/p>\n<p><strong>DIA 18 de maio (s\u00e1bado) \u2013 Parque Tur\u00edstico Municipal<\/strong> <strong>(Clube de Campo).<br \/>\n<\/strong>4\u00ba Desafio do Lobisomem e 1\u00ba Trekk\u00e3o \u2013 inscri\u00e7\u00f5es e informa\u00e7\u00f5es no site<br \/>\nwww.santaritaoutdoor.com.br.<\/p>\n<p><strong>DIA 18 de maio (s\u00e1bado) &#8211; Av. Severino Meirelles<\/strong> <strong>(Matriz).<br \/>\n<\/strong>Show com L\u00e9o Moraes &#8211; Som de Praia &#8211; \u00e0s 20 horas.<\/p>\n<p><strong>Dia 19 de maio (domingo)<\/strong> <strong>&#8211; Av. Severino Meirelles.<br \/>\n<\/strong>Desfile C\u00edvico Militar &#8211; \u00e0 partir das 9 horas.<\/p>\n<p><strong>DIA 22 de maio \u2013 (quarta-feira) \u2013 Centro Ol\u00edmpico.<br \/>\n<\/strong>Exibi\u00e7\u00e3o da Esquadrilha da Fuma\u00e7a &#8211; \u00e0 partir das 15 horas.<\/p>\n<p><strong>DIA 26 maio (domingo) \u2013 Campo da Cinel\u00e2ndia.<br \/>\n<\/strong>Futebol: Master Corinthians X Sele\u00e7\u00e3o da Cidade \u2013 \u00e0 partir das 11 horas.<\/p>\n<p><strong>DIA 31 de maio (sexta-feira) &#8211; Esta\u00e7\u00e3o SESI de Cultura<br \/>\n<\/strong>Teatro Colhendo Mem\u00f3rias &#8211; \u00e0s 19h30<\/p>\n<p><strong>DIA 1 de junho (s\u00e1bado) \u2013 Santa Cruz da Estrela<br \/>\n<\/strong>Comemora\u00e7\u00f5es no Distrito &#8211; \u00e0s 14h \u00e0s 19 horas<\/p>\n<p>&nbsp;<\/p>\n<p>&nbsp;<\/p>\n<p>&nbsp;<\/p>\n<p>&nbsp;<\/p>\n<p>&nbsp;<\/p>\n","protected":false},"excerpt":{"rendered":"<p>Promo\u00e7\u00e3o do Departamento de Cultura e Turismo, evento contou com atendimento de sa\u00fade, recrea\u00e7\u00e3o, m\u00fasica, dan\u00e7a, passeios e sorteios &nbsp;<\/p>\n","protected":false},"author":1,"featured_media":1423,"comment_status":"closed","ping_status":"open","sticky":false,"template":"","format":"standard","meta":{"footnotes":""},"categories":[44,46,52],"tags":[],"class_list":["post-1421","post","type-post","status-publish","format-standard","has-post-thumbnail","hentry","category-cidades","category-cultura","category-latest"],"_links":{"self":[{"href":"https:\/\/www.santaritadopassaquatro.sp.gov.br\/portal\/wp-json\/wp\/v2\/posts\/1421","targetHints":{"allow":["GET"]}}],"collection":[{"href":"https:\/\/www.santaritadopassaquatro.sp.gov.br\/portal\/wp-json\/wp\/v2\/posts"}],"about":[{"href":"https:\/\/www.santaritadopassaquatro.sp.gov.br\/portal\/wp-json\/wp\/v2\/types\/post"}],"author":[{"embeddable":true,"href":"https:\/\/www.santaritadopassaquatro.sp.gov.br\/portal\/wp-json\/wp\/v2\/users\/1"}],"replies":[{"embeddable":true,"href":"https:\/\/www.santaritadopassaquatro.sp.gov.br\/portal\/wp-json\/wp\/v2\/comments?post=1421"}],"version-history":[{"count":0,"href":"https:\/\/www.santaritadopassaquatro.sp.gov.br\/portal\/wp-json\/wp\/v2\/posts\/1421\/revisions"}],"wp:featuredmedia":[{"embeddable":true,"href":"https:\/\/www.santaritadopassaquatro.sp.gov.br\/portal\/wp-json\/wp\/v2\/media\/1423"}],"wp:attachment":[{"href":"https:\/\/www.santaritadopassaquatro.sp.gov.br\/portal\/wp-json\/wp\/v2\/media?parent=1421"}],"wp:term":[{"taxonomy":"category","embeddable":true,"href":"https:\/\/www.santaritadopassaquatro.sp.gov.br\/portal\/wp-json\/wp\/v2\/categories?post=1421"},{"taxonomy":"post_tag","embeddable":true,"href":"https:\/\/www.santaritadopassaquatro.sp.gov.br\/portal\/wp-json\/wp\/v2\/tags?post=1421"}],"curies":[{"name":"wp","href":"https:\/\/api.w.org\/{rel}","templated":true}]}}