{"id":1428,"date":"2019-05-17T14:15:57","date_gmt":"2019-05-17T17:15:57","guid":{"rendered":"http:\/\/www.santaritadopassaquatro.sp.gov.br\/portal\/?p=1428"},"modified":"2019-05-17T14:15:57","modified_gmt":"2019-05-17T17:15:57","slug":"santa-rita-159-anos-semana-de-aniversario-tem-programacao-extensa-com-shows-desfile-e-esquadrilha-da-fumaca","status":"publish","type":"post","link":"https:\/\/www.santaritadopassaquatro.sp.gov.br\/portal\/santa-rita-159-anos-semana-de-aniversario-tem-programacao-extensa-com-shows-desfile-e-esquadrilha-da-fumaca\/","title":{"rendered":"SANTA RITA 159 ANOS:\u00a0Semana de anivers\u00e1rio tem programa\u00e7\u00e3o extensa com shows, desfile e Esquadrilha da Fuma\u00e7a"},"content":{"rendered":"<p><strong><em>Promo\u00e7\u00e3o do Departamento de Cultura e Turismo, eventos come\u00e7am nesta sexta com a 15\u00aa Exposi\u00e7\u00e3o Nacional de Orqu\u00eddeas <\/em><\/strong><\/p>\n<p>&nbsp;<\/p>\n<figure id=\"attachment_1430\" aria-describedby=\"caption-attachment-1430\" style=\"width: 300px\" class=\"wp-caption alignleft\"><img decoding=\"async\" class=\"wp-image-1430 size-medium\" src=\"http:\/\/www.santaritadopassaquatro.sp.gov.br\/portal\/wp-content\/uploads\/2019\/05\/Desfile_aniversario_cidade_2018-300x200.jpg\" alt=\"\" width=\"300\" height=\"200\" srcset=\"https:\/\/www.santaritadopassaquatro.sp.gov.br\/portal\/wp-content\/uploads\/2019\/05\/Desfile_aniversario_cidade_2018-300x200.jpg 300w, https:\/\/www.santaritadopassaquatro.sp.gov.br\/portal\/wp-content\/uploads\/2019\/05\/Desfile_aniversario_cidade_2018-768x512.jpg 768w, https:\/\/www.santaritadopassaquatro.sp.gov.br\/portal\/wp-content\/uploads\/2019\/05\/Desfile_aniversario_cidade_2018-1024x683.jpg 1024w\" sizes=\"(max-width: 300px) 100vw, 300px\" \/><figcaption id=\"caption-attachment-1430\" class=\"wp-caption-text\"><span style=\"font-size: 8pt; color: #999999;\"><em><strong>Desfile \u00e9 atra\u00e7\u00e3o de domingo na avenida Severino Meirelles (Arquivo\/Divulga\u00e7\u00e3o)<\/strong><\/em><\/span><\/figcaption><\/figure>\n<p>O fim de semana ser\u00e1 de muitas atividades em comemora\u00e7\u00e3o ao anivers\u00e1rio de Santa Rita do Passa Quatro. Com uma programa\u00e7\u00e3o especial elaborada pelo Departamento de Cultura e Turismo da Prefeitura Municipal, uma s\u00e9rie de eventos come\u00e7a nesta sexta-feira (17\/5) e segue at\u00e9 a quarta-feira, 22 de maio, dia em que o munic\u00edpio completa 159 anos de funda\u00e7\u00e3o. De exposi\u00e7\u00e3o de orqu\u00eddeas a exibi\u00e7\u00e3o da Esquadrilha da Fuma\u00e7a, as atra\u00e7\u00f5es prometem movimentar a cidade a atrair muitos turistas.<\/p>\n<p>Promo\u00e7\u00e3o do N\u00facleo Orquid\u00f3filo Santarritense e Uni\u00e3o Nacional dos Orquid\u00f3filos, a 15\u00aa Exposi\u00e7\u00e3o Nacional de Orqu\u00eddeas, come\u00e7a nesta sexta-feira (17\/5), com abertura ao p\u00fablico \u00e0 partir das 19 horas e visita\u00e7\u00e3o aberta tamb\u00e9m no s\u00e1bado (18\/5), das 9h \u00e0s 22 horas, e domingo, das 8h \u00e0s 17 horas. O evento \u00e9 gratuito e acontece na EMEF Francisco Ribeiro.<\/p>\n<figure id=\"attachment_1429\" aria-describedby=\"caption-attachment-1429\" style=\"width: 300px\" class=\"wp-caption alignright\"><img decoding=\"async\" class=\"wp-image-1429 size-medium\" src=\"http:\/\/www.santaritadopassaquatro.sp.gov.br\/portal\/wp-content\/uploads\/2019\/05\/banda_kuba_libre-300x200.jpg\" alt=\"\" width=\"300\" height=\"200\" srcset=\"https:\/\/www.santaritadopassaquatro.sp.gov.br\/portal\/wp-content\/uploads\/2019\/05\/banda_kuba_libre-300x200.jpg 300w, https:\/\/www.santaritadopassaquatro.sp.gov.br\/portal\/wp-content\/uploads\/2019\/05\/banda_kuba_libre-768x513.jpg 768w, https:\/\/www.santaritadopassaquatro.sp.gov.br\/portal\/wp-content\/uploads\/2019\/05\/banda_kuba_libre-1024x684.jpg 1024w, https:\/\/www.santaritadopassaquatro.sp.gov.br\/portal\/wp-content\/uploads\/2019\/05\/banda_kuba_libre.jpg 1224w\" sizes=\"(max-width: 300px) 100vw, 300px\" \/><figcaption id=\"caption-attachment-1429\" class=\"wp-caption-text\"><span style=\"font-size: 8pt; color: #999999;\"><em><strong>Banda Kuba Libre, o cantor Leo Moraes, fazem parte da programa\u00e7\u00e3o do fim de semana \u00a0(Divulga\u00e7\u00e3o)<\/strong><\/em><\/span><\/figcaption><\/figure>\n<p>A m\u00fasica ser\u00e1 o destaque do fim de semana na Pra\u00e7a Zequinha de Abreu (Matriz), com dois shows imperd\u00edveis.\u00a0 Nas sexta-feira (17\/5), \u00e0 partir das 20 horas, tem banda Kuba Libre, de Porto Ferreira, com seu repert\u00f3rio repleto de sucessos. No s\u00e1bado, que se apresenta \u00e9 o cantor L\u00e9o Moraes, com seu show Som de Praia, tamb\u00e9m na pra\u00e7a da Matriz.<\/p>\n<p>O esporte de aventura tamb\u00e9m ser\u00e1 atra\u00e7\u00e3o de s\u00e1bado (18\/5), \u00e0 partir das 18 horas, com o 4\u00ba Desafio do Lobisomem, corrida noturna, e 1\u00ba Trekk\u00e3o, caminhada com animais de estima\u00e7\u00e3o, no Parque Tur\u00edstico Municipal (Clube de Campo). A promo\u00e7\u00e3o \u00e9 da Santa Rita Outdoor, com apoio da prefeitura municipal.<\/p>\n<figure id=\"attachment_1431\" aria-describedby=\"caption-attachment-1431\" style=\"width: 300px\" class=\"wp-caption alignleft\"><img decoding=\"async\" class=\"wp-image-1431 size-medium\" src=\"http:\/\/www.santaritadopassaquatro.sp.gov.br\/portal\/wp-content\/uploads\/2019\/05\/esquadrilha_fucama_02-1-300x200.jpg\" alt=\"\" width=\"300\" height=\"200\" srcset=\"https:\/\/www.santaritadopassaquatro.sp.gov.br\/portal\/wp-content\/uploads\/2019\/05\/esquadrilha_fucama_02-1-300x200.jpg 300w, https:\/\/www.santaritadopassaquatro.sp.gov.br\/portal\/wp-content\/uploads\/2019\/05\/esquadrilha_fucama_02-1-768x513.jpg 768w, https:\/\/www.santaritadopassaquatro.sp.gov.br\/portal\/wp-content\/uploads\/2019\/05\/esquadrilha_fucama_02-1-1024x683.jpg 1024w\" sizes=\"(max-width: 300px) 100vw, 300px\" \/><figcaption id=\"caption-attachment-1431\" class=\"wp-caption-text\"><span style=\"font-size: 8pt; color: #999999;\"><em><strong>Esquadrilhada Fuma\u00e7a \u00e9 destaque da programa\u00e7\u00e3o na quarta-feira (22\/5), dia do anivers\u00e1rio da cidade\u00a0(Divulga\u00e7\u00e3o)<\/strong><\/em><\/span><\/figcaption><\/figure>\n<p>O tradicional desfile c\u00edvico e militar, acontece no domingo(19\/5), \u00e0 partir das 9 horas, na Av. Severino Meirelles, com a participa\u00e7\u00e3o de 21 institui\u00e7\u00f5es. O desfile come\u00e7a com o Tiro de Guerra e segue com EMEIs (Escolas Municipais de Ensino Infantil), Instituto das Filhas de S\u00e3o Jos\u00e9, CAIS-SR, APAE, Lar S\u00e3o Vicente de Paulo, EMEF do CAIC, EMEF Jo\u00e3o B. R. Corr\u00eaa (Estrela), E.E. Nelson Fernandes, EMEF Francisco Ribeiro, EMEF Madre Carmelita, E.E. Ign\u00eaz Giaretta Sguerra, ETEC Manoel dos Reis Ara\u00fajo, SESI Salom\u00e3o Esper, Col\u00e9gio Objetivo, Cooperativa de Ensino e Cultura, Banda Marcial Cruzeiro do Sul (Porto Ferreira), E.E. Dr. Ces\u00e1rio Coimbra (Araras), Pol\u00edcia Militar, Pol\u00edcia Ambiental e Clube do Buggy.<\/p>\n<p>Quarta-feira, 22 de maio, dia do anivers\u00e1rio da cidade, a tra\u00e7\u00e3o ser\u00e1 mais do que especial, com exibi\u00e7\u00e3o da Esquadrilha da Fuma\u00e7a, \u00e0 partir das 15horas, no Centro Ol\u00edmpico. Ao todo ser\u00e3o 40 minutos de apresenta\u00e7\u00e3o, com sete aeronaves realizando cerca de 50 manobras, todas narradas por um locutor da AFA (Academia da For\u00e7a A\u00e9rea). O evento \u00e9 gratuito e aberto ao p\u00fablico.<\/p>\n<p>A programa\u00e7\u00e3o de anivers\u00e1rio da cidade segue at\u00e9 o fim do m\u00eas. No domingo (26\/5) tem jogo beneficente entre os m\u00e1sters do Corinthians contra a Sele\u00e7\u00e3o da Cidade, no Campo da Cinel\u00e2ndia, \u00e0 partir das 11 horas. \u00a0No \u00faltimo fim de semana de comemora\u00e7\u00f5es tem o espet\u00e1culo teatral Colhendo Mem\u00f3rias, na sexta-feira (31\/5), na Esta\u00e7\u00e3o SESI de Cultura. \u00a0No s\u00e1bado, 1\u00ba de junho, \u00e0 partir das 14 horas, tem festividades no distrito de Santa Cruz da Estrela.<\/p>\n<p>&nbsp;<\/p>\n<p>&nbsp;<\/p>\n<p>&nbsp;<\/p>\n<p>&nbsp;<\/p>\n<p>&nbsp;<\/p>\n","protected":false},"excerpt":{"rendered":"<p>Promo\u00e7\u00e3o do Departamento de Cultura e Turismo, eventos come\u00e7am nesta sexta com a 15\u00aa Exposi\u00e7\u00e3o Nacional de Orqu\u00eddeas &nbsp; O<\/p>\n","protected":false},"author":1,"featured_media":1430,"comment_status":"closed","ping_status":"open","sticky":false,"template":"","format":"standard","meta":{"footnotes":""},"categories":[44,52],"tags":[],"class_list":["post-1428","post","type-post","status-publish","format-standard","has-post-thumbnail","hentry","category-cidades","category-latest"],"_links":{"self":[{"href":"https:\/\/www.santaritadopassaquatro.sp.gov.br\/portal\/wp-json\/wp\/v2\/posts\/1428","targetHints":{"allow":["GET"]}}],"collection":[{"href":"https:\/\/www.santaritadopassaquatro.sp.gov.br\/portal\/wp-json\/wp\/v2\/posts"}],"about":[{"href":"https:\/\/www.santaritadopassaquatro.sp.gov.br\/portal\/wp-json\/wp\/v2\/types\/post"}],"author":[{"embeddable":true,"href":"https:\/\/www.santaritadopassaquatro.sp.gov.br\/portal\/wp-json\/wp\/v2\/users\/1"}],"replies":[{"embeddable":true,"href":"https:\/\/www.santaritadopassaquatro.sp.gov.br\/portal\/wp-json\/wp\/v2\/comments?post=1428"}],"version-history":[{"count":0,"href":"https:\/\/www.santaritadopassaquatro.sp.gov.br\/portal\/wp-json\/wp\/v2\/posts\/1428\/revisions"}],"wp:featuredmedia":[{"embeddable":true,"href":"https:\/\/www.santaritadopassaquatro.sp.gov.br\/portal\/wp-json\/wp\/v2\/media\/1430"}],"wp:attachment":[{"href":"https:\/\/www.santaritadopassaquatro.sp.gov.br\/portal\/wp-json\/wp\/v2\/media?parent=1428"}],"wp:term":[{"taxonomy":"category","embeddable":true,"href":"https:\/\/www.santaritadopassaquatro.sp.gov.br\/portal\/wp-json\/wp\/v2\/categories?post=1428"},{"taxonomy":"post_tag","embeddable":true,"href":"https:\/\/www.santaritadopassaquatro.sp.gov.br\/portal\/wp-json\/wp\/v2\/tags?post=1428"}],"curies":[{"name":"wp","href":"https:\/\/api.w.org\/{rel}","templated":true}]}}