{"id":14354,"date":"2026-09-01T17:09:18","date_gmt":"2026-09-01T20:09:18","guid":{"rendered":"https:\/\/www.santaritadopassaquatro.sp.gov.br\/portal\/?p=14354"},"modified":"2026-09-01T17:09:54","modified_gmt":"2026-09-01T20:09:54","slug":"santa-rita-do-passa-quatro-participa-de-reuniao-tecnica-do-chamamento-solar-nos-municipios","status":"publish","type":"post","link":"https:\/\/www.santaritadopassaquatro.sp.gov.br\/portal\/santa-rita-do-passa-quatro-participa-de-reuniao-tecnica-do-chamamento-solar-nos-municipios\/","title":{"rendered":"SANTA RITA DO PASSA QUATRO PARTICIPA DE REUNI\u00c3O T\u00c9CNICA DO CHAMAMENTO \u201cSOLAR NOS MUNIC\u00cdPIOS\u201d"},"content":{"rendered":"\n<p>Munic\u00edpio busca novas oportunidades para ampliar a sustentabilidade e promover economia aos cofres p\u00fablicos por meio da gera\u00e7\u00e3o de energia solar.<\/p>\n\n\n\n<p><br>Santa Rita do Passa Quatro participou da 1\u00aa Reuni\u00e3o T\u00e9cnica do Chamamento P\u00fablico \u201cSolar nos Munic\u00edpios\u201d, iniciativa do Governo do Estado de S\u00e3o Paulo, por meio da Secretaria de Meio Ambiente, Infraestrutura e Log\u00edstica (SEMIL), voltada \u00e0 implanta\u00e7\u00e3o de usinas solares fotovoltaicas nos munic\u00edpios paulistas.<\/p>\n\n\n\n<p><br>O munic\u00edpio se destacou ao ficar em 11\u00ba lugar entre aproximadamente 224 munic\u00edpios inscritos, refor\u00e7ando o compromisso com solu\u00e7\u00f5es sustent\u00e1veis, inova\u00e7\u00e3o e redu\u00e7\u00e3o dos gastos p\u00fablicos com energia el\u00e9trica.<\/p>\n\n\n\n<p><br>A reuni\u00e3o contou com a participa\u00e7\u00e3o da Subsecret\u00e1ria de Energia e Minera\u00e7\u00e3o, Marisa Maia de Barros, e do Diretor de Energia, Danilo Perecin.<\/p>\n\n\n\n<p><br>Representando Santa Rita do Passa Quatro, participaram Arthur Augusto Costa Roque, Diretor de Agricultura e Meio Ambiente; Ana Victoria Silva, T\u00e9cnica em Qu\u00edmica; e Daniel Dias Fadeli, Assessor de Gabinete.<\/p>\n\n\n\n<p><br>O Chamamento P\u00fablico prev\u00ea apoio t\u00e9cnico e financeiro n\u00e3o reembols\u00e1vel, com recursos do FECOP, para implanta\u00e7\u00e3o de usinas solares fotovoltaicas de at\u00e9 75 kWp, destinadas ao atendimento parcial ou integral do consumo de energia el\u00e9trica das unidades municipais.<\/p>\n\n\n\n<p><br>A iniciativa busca ampliar a gera\u00e7\u00e3o de energia renov\u00e1vel, incentivar a efici\u00eancia energ\u00e9tica, reduzir emiss\u00f5es de gases de efeito estufa e, principalmente, diminuir as despesas dos munic\u00edpios com energia el\u00e9trica.<\/p>\n\n\n\n<p><br>\ud83c\udf31\u2600\ufe0f Santa Rita do Passa Quatro avan\u00e7ando na constru\u00e7\u00e3o de um munic\u00edpio mais sustent\u00e1vel, eficiente e preparado para o futuro.<\/p>\n","protected":false},"excerpt":{"rendered":"<p>Munic\u00edpio busca novas oportunidades para ampliar a sustentabilidade e promover economia aos cofres p\u00fablicos por meio da gera\u00e7\u00e3o de energia<\/p>\n","protected":false},"author":7,"featured_media":14355,"comment_status":"closed","ping_status":"open","sticky":false,"template":"","format":"standard","meta":{"footnotes":""},"categories":[53],"tags":[],"class_list":["post-14354","post","type-post","status-publish","format-standard","has-post-thumbnail","hentry","category-meio-ambiente"],"_links":{"self":[{"href":"https:\/\/www.santaritadopassaquatro.sp.gov.br\/portal\/wp-json\/wp\/v2\/posts\/14354","targetHints":{"allow":["GET"]}}],"collection":[{"href":"https:\/\/www.santaritadopassaquatro.sp.gov.br\/portal\/wp-json\/wp\/v2\/posts"}],"about":[{"href":"https:\/\/www.santaritadopassaquatro.sp.gov.br\/portal\/wp-json\/wp\/v2\/types\/post"}],"author":[{"embeddable":true,"href":"https:\/\/www.santaritadopassaquatro.sp.gov.br\/portal\/wp-json\/wp\/v2\/users\/7"}],"replies":[{"embeddable":true,"href":"https:\/\/www.santaritadopassaquatro.sp.gov.br\/portal\/wp-json\/wp\/v2\/comments?post=14354"}],"version-history":[{"count":2,"href":"https:\/\/www.santaritadopassaquatro.sp.gov.br\/portal\/wp-json\/wp\/v2\/posts\/14354\/revisions"}],"predecessor-version":[{"id":14357,"href":"https:\/\/www.santaritadopassaquatro.sp.gov.br\/portal\/wp-json\/wp\/v2\/posts\/14354\/revisions\/14357"}],"wp:featuredmedia":[{"embeddable":true,"href":"https:\/\/www.santaritadopassaquatro.sp.gov.br\/portal\/wp-json\/wp\/v2\/media\/14355"}],"wp:attachment":[{"href":"https:\/\/www.santaritadopassaquatro.sp.gov.br\/portal\/wp-json\/wp\/v2\/media?parent=14354"}],"wp:term":[{"taxonomy":"category","embeddable":true,"href":"https:\/\/www.santaritadopassaquatro.sp.gov.br\/portal\/wp-json\/wp\/v2\/categories?post=14354"},{"taxonomy":"post_tag","embeddable":true,"href":"https:\/\/www.santaritadopassaquatro.sp.gov.br\/portal\/wp-json\/wp\/v2\/tags?post=14354"}],"curies":[{"name":"wp","href":"https:\/\/api.w.org\/{rel}","templated":true}]}}