{"id":1437,"date":"2019-05-24T11:18:01","date_gmt":"2019-05-24T14:18:01","guid":{"rendered":"http:\/\/www.santaritadopassaquatro.sp.gov.br\/portal\/?p=1437"},"modified":"2019-05-24T11:18:01","modified_gmt":"2019-05-24T14:18:01","slug":"conselho-pessoa-com-deficiencia-promoveu-acoes-em-homenagem-ao-dia-mundial-do-autismo","status":"publish","type":"post","link":"https:\/\/www.santaritadopassaquatro.sp.gov.br\/portal\/conselho-pessoa-com-deficiencia-promoveu-acoes-em-homenagem-ao-dia-mundial-do-autismo\/","title":{"rendered":"Conselho Pessoa Com Defici\u00eancia promoveu a\u00e7\u00f5es em homenagem ao Dia Mundial do Autismo"},"content":{"rendered":"<p><strong><em>Palestras trataram do tema \u201cTranstorno do Espectro Autista: inclus\u00e3o e qualidade de vida\u201d<\/em><\/strong><\/p>\n<p>&nbsp;<\/p>\n<figure id=\"attachment_1438\" aria-describedby=\"caption-attachment-1438\" style=\"width: 300px\" class=\"wp-caption alignleft\"><img decoding=\"async\" class=\"wp-image-1438 size-medium\" src=\"http:\/\/www.santaritadopassaquatro.sp.gov.br\/portal\/wp-content\/uploads\/2019\/05\/Conselho_pessoa_deficiencia-300x169.jpg\" alt=\"\" width=\"300\" height=\"169\" srcset=\"https:\/\/www.santaritadopassaquatro.sp.gov.br\/portal\/wp-content\/uploads\/2019\/05\/Conselho_pessoa_deficiencia-300x169.jpg 300w, https:\/\/www.santaritadopassaquatro.sp.gov.br\/portal\/wp-content\/uploads\/2019\/05\/Conselho_pessoa_deficiencia-768x432.jpg 768w, https:\/\/www.santaritadopassaquatro.sp.gov.br\/portal\/wp-content\/uploads\/2019\/05\/Conselho_pessoa_deficiencia.jpg 904w\" sizes=\"(max-width: 300px) 100vw, 300px\" \/><figcaption id=\"caption-attachment-1438\" class=\"wp-caption-text\"><span style=\"font-size: 8pt; color: #999999;\"><strong>Participantes de uma das palestras em homenagem ao Dia Mundial do Autismo (Divulga\u00e7\u00e3o) \u00a0<\/strong><\/span><\/figcaption><\/figure>\n<p>Durante o m\u00eas de abril, o Conselho Municipal da Pessoa com Defici\u00eancia (CMPD), de Santa Rita do Passa Quatro, realizou palestras em homenagem ao Dia Mundial do Autismo (TEA), nas escolas CAIC, Objetivo e Nelson Fernandes. Destinado aos jovens de 14 a 16 anos, o projeto abordou pontos essenciais para a compress\u00e3o acerca do TEA. Conforme a OMS, s\u00e3o 70 milh\u00f5es de pessoas no mundo com TEA, sendo que 2 milh\u00f5es residem no Brasil.\u00a0 O TEA \u00e9 divido em graus leve, moderado e grave e suas caracter\u00edsticas principais s\u00e3o a altera\u00e7\u00e3o das percep\u00e7\u00f5es sensoriais que afetam o campo da intera\u00e7\u00e3o social, do comportamento ou da linguagem. Por fim, explicou-se a import\u00e2ncia do tratamento inclusivo para a inser\u00e7\u00e3o dos indiv\u00edduos com TEA em todos os campos sociais, o que eleva seu sentimento de pertencimento na sociedade e melhora sua qualidade de vida.<\/p>\n<p>&nbsp;<\/p>\n<p><strong>O QUE \u00c9 UM CONSELHO DE POL\u00cdTICAS P\u00daBLICAS<\/strong><\/p>\n<p>Conselhos s\u00e3o \u00f3rg\u00e3os colegiados, permanentes, criados por Lei com a finalidade de assessorar o Poder P\u00fablico na formula\u00e7\u00e3o, elabora\u00e7\u00e3o, controle e avalia\u00e7\u00e3o de Pol\u00edticas P\u00fablicas. Conforme sua especificidade, podem ser deliberativos, consultivos, parit\u00e1rios e fiscalizadores, s\u00e3o compostos por representantes da Sociedade Civil e do Poder P\u00fablico.\u00a0 Os Conselhos est\u00e3o institucionalizados nos tr\u00eas n\u00edveis de Governo \u2013 Federal, Estadual e Municipal, implantados na quase totalidade dos 5.506 munic\u00edpios brasileiros, cada um tem uma finalidade espec\u00edfica. Nosso munic\u00edpio tem constitu\u00eddo vinte e dois (22) Conselhos Municipais, que se re\u00fanem mensalmente na Casa dos Conselhos Municipais com o objetivo de propor diretrizes, fiscalizar, controlar, aprovar a\u00e7\u00f5es, sugerir e deliberar sobre tais pol\u00edticas. A cria\u00e7\u00e3o de Conselhos Gestores constitui, em alguns setores, condi\u00e7\u00e3o legal para o repasse de verbas p\u00fablicas, cabendo-lhes atuar na fiscaliza\u00e7\u00e3o dos gastos das receitas transferidas aos Munic\u00edpios pela Uni\u00e3o ou pelos Estados. \u00c9 um meio pelo qual a Sociedade Civil organizada pode intervir de forma \u201cdemocr\u00e1tica\u201d nas a\u00e7\u00f5es do Governo, por ser um \u00f3rg\u00e3o apol\u00edtico e democr\u00e1tico, \u00e9 importante que o conselheiro na sua atua\u00e7\u00e3o, busque informa\u00e7\u00e3o, participe, fa\u00e7a a diferen\u00e7a, contribuindo para a efetiva\u00e7\u00e3o de pol\u00edticas p\u00fablicas eficientes, em prol de uma sociedade mais igualit\u00e1ria.<\/p>\n<p>&nbsp;<\/p>\n<p>&nbsp;<\/p>\n","protected":false},"excerpt":{"rendered":"<p>Palestras trataram do tema \u201cTranstorno do Espectro Autista: inclus\u00e3o e qualidade de vida\u201d &nbsp; Durante o m\u00eas de abril, o<\/p>\n","protected":false},"author":1,"featured_media":1438,"comment_status":"closed","ping_status":"open","sticky":false,"template":"","format":"standard","meta":{"footnotes":""},"categories":[37,58],"tags":[],"class_list":["post-1437","post","type-post","status-publish","format-standard","has-post-thumbnail","hentry","category-conselhos-municipais","category-health"],"_links":{"self":[{"href":"https:\/\/www.santaritadopassaquatro.sp.gov.br\/portal\/wp-json\/wp\/v2\/posts\/1437","targetHints":{"allow":["GET"]}}],"collection":[{"href":"https:\/\/www.santaritadopassaquatro.sp.gov.br\/portal\/wp-json\/wp\/v2\/posts"}],"about":[{"href":"https:\/\/www.santaritadopassaquatro.sp.gov.br\/portal\/wp-json\/wp\/v2\/types\/post"}],"author":[{"embeddable":true,"href":"https:\/\/www.santaritadopassaquatro.sp.gov.br\/portal\/wp-json\/wp\/v2\/users\/1"}],"replies":[{"embeddable":true,"href":"https:\/\/www.santaritadopassaquatro.sp.gov.br\/portal\/wp-json\/wp\/v2\/comments?post=1437"}],"version-history":[{"count":1,"href":"https:\/\/www.santaritadopassaquatro.sp.gov.br\/portal\/wp-json\/wp\/v2\/posts\/1437\/revisions"}],"predecessor-version":[{"id":1439,"href":"https:\/\/www.santaritadopassaquatro.sp.gov.br\/portal\/wp-json\/wp\/v2\/posts\/1437\/revisions\/1439"}],"wp:featuredmedia":[{"embeddable":true,"href":"https:\/\/www.santaritadopassaquatro.sp.gov.br\/portal\/wp-json\/wp\/v2\/media\/1438"}],"wp:attachment":[{"href":"https:\/\/www.santaritadopassaquatro.sp.gov.br\/portal\/wp-json\/wp\/v2\/media?parent=1437"}],"wp:term":[{"taxonomy":"category","embeddable":true,"href":"https:\/\/www.santaritadopassaquatro.sp.gov.br\/portal\/wp-json\/wp\/v2\/categories?post=1437"},{"taxonomy":"post_tag","embeddable":true,"href":"https:\/\/www.santaritadopassaquatro.sp.gov.br\/portal\/wp-json\/wp\/v2\/tags?post=1437"}],"curies":[{"name":"wp","href":"https:\/\/api.w.org\/{rel}","templated":true}]}}