{"id":1440,"date":"2019-05-24T11:19:30","date_gmt":"2019-05-24T14:19:30","guid":{"rendered":"http:\/\/www.santaritadopassaquatro.sp.gov.br\/portal\/?p=1440"},"modified":"2019-05-24T11:19:30","modified_gmt":"2019-05-24T14:19:30","slug":"em-parceria-com-mis-departamento-de-cultura-promove-oficina-em-ex-mtv-2","status":"publish","type":"post","link":"https:\/\/www.santaritadopassaquatro.sp.gov.br\/portal\/em-parceria-com-mis-departamento-de-cultura-promove-oficina-em-ex-mtv-2\/","title":{"rendered":"Em Parceria com MIS, Departamento de Cultura promove oficina em ex-MTV"},"content":{"rendered":"<p><strong><em>Webclipe ser\u00e1 o tema da a\u00e7\u00e3o com Marcelo Perdido, que j\u00e1 foi diretor da emissora musical<\/em><\/strong><\/p>\n<p>&nbsp;<\/p>\n<p><img decoding=\"async\" class=\"alignnone size-medium wp-image-1300 alignleft\" src=\"http:\/\/www.santaritadopassaquatro.sp.gov.br\/portal\/wp-content\/uploads\/2019\/04\/oficina_webclipe_marcelo_perdido-300x200.jpg\" alt=\"\" width=\"300\" height=\"200\" srcset=\"https:\/\/www.santaritadopassaquatro.sp.gov.br\/portal\/wp-content\/uploads\/2019\/04\/oficina_webclipe_marcelo_perdido-300x200.jpg 300w, https:\/\/www.santaritadopassaquatro.sp.gov.br\/portal\/wp-content\/uploads\/2019\/04\/oficina_webclipe_marcelo_perdido.jpg 620w\" sizes=\"(max-width: 300px) 100vw, 300px\" \/>O Departamento de Cultura da Prefeitura Municipal de Santa Rita do Passa Quatro est\u00e1 preparando para o m\u00eas de junho mais uma oficina cultural, em parceria com o Museu da Imagem e do Som (MIS) de S\u00e3o Paulo. A Oficina de webclipe ser\u00e1 ministrada por Marcelo Perdido, que j\u00e1 dirigiu diversos programas na MTV, tradicional emissora musical, muito popular nos anos 1980, 1990 e in\u00edcio da d\u00e9cada de 2000.<\/p>\n<p>A oficina acontece no pr\u00f3ximo dia 13 de junho (quinta-feira), as inscri\u00e7\u00f5es devem ser feitas exclusivamente pela <a href=\"https:\/\/forms.gle\/VtphHqMTm1krJKaJA\">internet (CLIQUE AQUI)<\/a> . As vagas s\u00e3o limitadas.<\/p>\n<p>Com quatro horas de dura\u00e7\u00e3o, a primeira hora ser\u00e1 dedicada para a introdu\u00e7\u00e3o do conceito de webclipes atrav\u00e9s de exemplos e an\u00fancio da m\u00fasica escolhida para o exerc\u00edcio pr\u00e1tico (os participantes podem enviar suas pr\u00f3prias m\u00fasicas, no caso de nenhuma m\u00fasica ser enviada antes, o exerc\u00edcio ser\u00e1 feito em cima de uma m\u00fasica com direitos autorais liberados). As tr\u00eas horas restantes ser\u00e3o utilizadas na concep\u00e7\u00e3o da ideia para o webclipe, capta\u00e7\u00e3o de imagens e edi\u00e7\u00e3o. O resultado do exerc\u00edcio \u00e9 um v\u00eddeo com parte da m\u00fasica escolhida, que ser\u00e1 publicado nas plataformas do programa e poder\u00e1 ser compartilhado por todos os participantes.<\/p>\n<p>Marcelo Perdido \u00e9 graduado em publicidade pelo Mackenzie e p\u00f3s-graduado em cria\u00e7\u00e3o de imagem e som pelo Senac. Diretor e editor de clipes musicais, trabalhou como diretor de cena na Colmeia, escrevendo e dirigindo o Orkut Ao Vivo\/+Ao vivo para o Google. Na MTV, dirigiu diversos programas aprimorando a linguagem visual aliada a m\u00fasica. Com ampla experi\u00eancia em roteirizar, dirigir, captar, editar e finalizar v\u00eddeos para TV e Web. Atualmente, Perdido d\u00e1 aulas sobre cria\u00e7\u00e3o audiovisual na S\u00e3o Paulo Digital School, al\u00e9m de ser um dos \u201coficineiros\u201d do Ponto MIS, um projeto que leva suas oficinas pelo interior do estado, uma parceria do Museu da Imagem e do Som com o Governo do Estado, e hoje foca seu trabalho em v\u00eddeos musicais para internet, autorais e de outros artistas.<\/p>\n","protected":false},"excerpt":{"rendered":"<p>Webclipe ser\u00e1 o tema da a\u00e7\u00e3o com Marcelo Perdido, que j\u00e1 foi diretor da emissora musical &nbsp; O Departamento de<\/p>\n","protected":false},"author":1,"featured_media":1300,"comment_status":"closed","ping_status":"open","sticky":false,"template":"","format":"standard","meta":{"footnotes":""},"categories":[46,48],"tags":[],"class_list":["post-1440","post","type-post","status-publish","format-standard","has-post-thumbnail","hentry","category-cultura","category-featured"],"_links":{"self":[{"href":"https:\/\/www.santaritadopassaquatro.sp.gov.br\/portal\/wp-json\/wp\/v2\/posts\/1440","targetHints":{"allow":["GET"]}}],"collection":[{"href":"https:\/\/www.santaritadopassaquatro.sp.gov.br\/portal\/wp-json\/wp\/v2\/posts"}],"about":[{"href":"https:\/\/www.santaritadopassaquatro.sp.gov.br\/portal\/wp-json\/wp\/v2\/types\/post"}],"author":[{"embeddable":true,"href":"https:\/\/www.santaritadopassaquatro.sp.gov.br\/portal\/wp-json\/wp\/v2\/users\/1"}],"replies":[{"embeddable":true,"href":"https:\/\/www.santaritadopassaquatro.sp.gov.br\/portal\/wp-json\/wp\/v2\/comments?post=1440"}],"version-history":[{"count":0,"href":"https:\/\/www.santaritadopassaquatro.sp.gov.br\/portal\/wp-json\/wp\/v2\/posts\/1440\/revisions"}],"wp:featuredmedia":[{"embeddable":true,"href":"https:\/\/www.santaritadopassaquatro.sp.gov.br\/portal\/wp-json\/wp\/v2\/media\/1300"}],"wp:attachment":[{"href":"https:\/\/www.santaritadopassaquatro.sp.gov.br\/portal\/wp-json\/wp\/v2\/media?parent=1440"}],"wp:term":[{"taxonomy":"category","embeddable":true,"href":"https:\/\/www.santaritadopassaquatro.sp.gov.br\/portal\/wp-json\/wp\/v2\/categories?post=1440"},{"taxonomy":"post_tag","embeddable":true,"href":"https:\/\/www.santaritadopassaquatro.sp.gov.br\/portal\/wp-json\/wp\/v2\/tags?post=1440"}],"curies":[{"name":"wp","href":"https:\/\/api.w.org\/{rel}","templated":true}]}}