{"id":1446,"date":"2019-05-24T11:24:13","date_gmt":"2019-05-24T14:24:13","guid":{"rendered":"http:\/\/www.santaritadopassaquatro.sp.gov.br\/portal\/?p=1446"},"modified":"2019-05-24T11:24:13","modified_gmt":"2019-05-24T14:24:13","slug":"departamento-de-municipal-de-saude-promove-audiencia-publica-na-proxima-quinta-feira","status":"publish","type":"post","link":"https:\/\/www.santaritadopassaquatro.sp.gov.br\/portal\/departamento-de-municipal-de-saude-promove-audiencia-publica-na-proxima-quinta-feira\/","title":{"rendered":"Departamento de Municipal de Sa\u00fade promove audi\u00eancia p\u00fablica na pr\u00f3xima quinta-feira"},"content":{"rendered":"<p><strong><em>Evento para presta\u00e7\u00e3o de contas acontece na C\u00e2mara Municipal, \u00e0 partir das 14 horas <\/em><\/strong><\/p>\n<p>&nbsp;<\/p>\n<p><img decoding=\"async\" class=\"size-medium wp-image-1447\" src=\"http:\/\/www.santaritadopassaquatro.sp.gov.br\/portal\/wp-content\/uploads\/2019\/05\/6560-300x200.jpg\" alt=\"\" width=\"300\" height=\"200\" srcset=\"https:\/\/www.santaritadopassaquatro.sp.gov.br\/portal\/wp-content\/uploads\/2019\/05\/6560-300x200.jpg 300w, https:\/\/www.santaritadopassaquatro.sp.gov.br\/portal\/wp-content\/uploads\/2019\/05\/6560-768x512.jpg 768w, https:\/\/www.santaritadopassaquatro.sp.gov.br\/portal\/wp-content\/uploads\/2019\/05\/6560-1024x683.jpg 1024w\" sizes=\"(max-width: 300px) 100vw, 300px\" \/><\/p>\n<p>O Departamento de Sa\u00fade da Prefeitura Municipal de Santa Rita do Passa Quatro ir\u00e1 realizar na pr\u00f3xima quinta-feira (30\/5) uma audi\u00eancia p\u00fablica de presta\u00e7\u00e3o de contas realiza ao primeiro quadrimestre do ano de 2019.<\/p>\n<p>O evento acontece \u00e0 partir das 14 horas, no plen\u00e1rio da C\u00e2mara Municipal (Rua Jos\u00e9 Rodrigues Palhares, 117). Na oportunidade, o Departamento de Sa\u00fade ir\u00e1 divulgar n\u00fameros, demonstrativos e a\u00e7\u00f5es realizadas, como gastos por setores, principais despesas, fontes de recursos, n\u00famero de consultas m\u00e9dicas da aten\u00e7\u00e3o b\u00e1sica e especializada, n\u00famero de atendimentos nas Unidades de Sa\u00fade, n\u00famero de exames, projetos desenvolvidos, transporte de pacientes, entre outros dados.<\/p>\n<p>Toda popula\u00e7\u00e3o est\u00e1 convidada \u00e0 participar.<\/p>\n<p>&nbsp;<\/p>\n<p>&nbsp;<\/p>\n","protected":false},"excerpt":{"rendered":"<p>Evento para presta\u00e7\u00e3o de contas acontece na C\u00e2mara Municipal, \u00e0 partir das 14 horas &nbsp; O Departamento de Sa\u00fade da<\/p>\n","protected":false},"author":1,"featured_media":1447,"comment_status":"closed","ping_status":"open","sticky":false,"template":"","format":"standard","meta":{"footnotes":""},"categories":[48,58],"tags":[],"class_list":["post-1446","post","type-post","status-publish","format-standard","has-post-thumbnail","hentry","category-featured","category-health"],"_links":{"self":[{"href":"https:\/\/www.santaritadopassaquatro.sp.gov.br\/portal\/wp-json\/wp\/v2\/posts\/1446","targetHints":{"allow":["GET"]}}],"collection":[{"href":"https:\/\/www.santaritadopassaquatro.sp.gov.br\/portal\/wp-json\/wp\/v2\/posts"}],"about":[{"href":"https:\/\/www.santaritadopassaquatro.sp.gov.br\/portal\/wp-json\/wp\/v2\/types\/post"}],"author":[{"embeddable":true,"href":"https:\/\/www.santaritadopassaquatro.sp.gov.br\/portal\/wp-json\/wp\/v2\/users\/1"}],"replies":[{"embeddable":true,"href":"https:\/\/www.santaritadopassaquatro.sp.gov.br\/portal\/wp-json\/wp\/v2\/comments?post=1446"}],"version-history":[{"count":0,"href":"https:\/\/www.santaritadopassaquatro.sp.gov.br\/portal\/wp-json\/wp\/v2\/posts\/1446\/revisions"}],"wp:featuredmedia":[{"embeddable":true,"href":"https:\/\/www.santaritadopassaquatro.sp.gov.br\/portal\/wp-json\/wp\/v2\/media\/1447"}],"wp:attachment":[{"href":"https:\/\/www.santaritadopassaquatro.sp.gov.br\/portal\/wp-json\/wp\/v2\/media?parent=1446"}],"wp:term":[{"taxonomy":"category","embeddable":true,"href":"https:\/\/www.santaritadopassaquatro.sp.gov.br\/portal\/wp-json\/wp\/v2\/categories?post=1446"},{"taxonomy":"post_tag","embeddable":true,"href":"https:\/\/www.santaritadopassaquatro.sp.gov.br\/portal\/wp-json\/wp\/v2\/tags?post=1446"}],"curies":[{"name":"wp","href":"https:\/\/api.w.org\/{rel}","templated":true}]}}