{"id":1449,"date":"2019-05-24T11:33:34","date_gmt":"2019-05-24T14:33:34","guid":{"rendered":"http:\/\/www.santaritadopassaquatro.sp.gov.br\/portal\/?p=1449"},"modified":"2019-05-24T11:33:34","modified_gmt":"2019-05-24T14:33:34","slug":"santa-rita-do-passa-quatro-159-anos-grande-publico-prestigia-as-festividades-em-comemoracao-ao-aniversario-da-cidade","status":"publish","type":"post","link":"https:\/\/www.santaritadopassaquatro.sp.gov.br\/portal\/santa-rita-do-passa-quatro-159-anos-grande-publico-prestigia-as-festividades-em-comemoracao-ao-aniversario-da-cidade\/","title":{"rendered":"SANTA RITA DO PASSA QUATRO 159 ANOS &#8211;\u00a0Grande p\u00fablico prestigia as festividades em comemora\u00e7\u00e3o ao anivers\u00e1rio da cidade"},"content":{"rendered":"<p><strong><em>Promo\u00e7\u00e3o do Departamento de Cultura e Turismo, semana contou com shows, desfile e exibi\u00e7\u00e3o da Esquadrilha da Fuma\u00e7a<\/em><\/strong><\/p>\n<p>&nbsp;<\/p>\n<figure id=\"attachment_1450\" aria-describedby=\"caption-attachment-1450\" style=\"width: 300px\" class=\"wp-caption alignleft\"><img decoding=\"async\" class=\"wp-image-1450 size-medium\" src=\"http:\/\/www.santaritadopassaquatro.sp.gov.br\/portal\/wp-content\/uploads\/2019\/05\/Aniversario_cidade_Foto01_orquideas-300x200.jpg\" alt=\"\" width=\"300\" height=\"200\" srcset=\"https:\/\/www.santaritadopassaquatro.sp.gov.br\/portal\/wp-content\/uploads\/2019\/05\/Aniversario_cidade_Foto01_orquideas-300x200.jpg 300w, https:\/\/www.santaritadopassaquatro.sp.gov.br\/portal\/wp-content\/uploads\/2019\/05\/Aniversario_cidade_Foto01_orquideas-768x512.jpg 768w, https:\/\/www.santaritadopassaquatro.sp.gov.br\/portal\/wp-content\/uploads\/2019\/05\/Aniversario_cidade_Foto01_orquideas-1024x683.jpg 1024w\" sizes=\"(max-width: 300px) 100vw, 300px\" \/><figcaption id=\"caption-attachment-1450\" class=\"wp-caption-text\"><span style=\"font-size: 8pt; color: #999999;\"><em><strong>Prefeito, autoridades municipais, organizadores e expositores durante a 15\u00aa Exposi\u00e7\u00e3o Nacional de Orqu\u00eddeas (AssCom\/Divulga\u00e7\u00e3o)<\/strong><\/em><\/span><\/figcaption><\/figure>\n<p>Uma semana de muitas atividades em comemora\u00e7\u00e3o ao anivers\u00e1rio de Santa Rita do Passa Quatro, que neste dia 22 de maio comemorou seus 159 anos de funda\u00e7\u00e3o. Com uma programa\u00e7\u00e3o especial elaborada pelo Departamento de Cultura e Turismo da Prefeitura Municipal, uma s\u00e9rie de eventos reuniu grande p\u00fablico, desde a sexta-feira (17\/5) at\u00e9 a quarta-feira (22\/5) dia do anivers\u00e1rio.\u00a0 Exposi\u00e7\u00e3o de orqu\u00eddeas, shows musicais a exibi\u00e7\u00e3o da Esquadrilha da Fuma\u00e7a foram as atra\u00e7\u00f5es que movimentaram a popula\u00e7\u00e3o da cidade e turistas.<\/p>\n<p><img decoding=\"async\" class=\"alignnone size-medium wp-image-1451 alignright\" src=\"http:\/\/www.santaritadopassaquatro.sp.gov.br\/portal\/wp-content\/uploads\/2019\/05\/Aniversario_cidade_Foto02_show-300x200.jpg\" alt=\"\" width=\"300\" height=\"200\" srcset=\"https:\/\/www.santaritadopassaquatro.sp.gov.br\/portal\/wp-content\/uploads\/2019\/05\/Aniversario_cidade_Foto02_show-300x200.jpg 300w, https:\/\/www.santaritadopassaquatro.sp.gov.br\/portal\/wp-content\/uploads\/2019\/05\/Aniversario_cidade_Foto02_show-768x512.jpg 768w, https:\/\/www.santaritadopassaquatro.sp.gov.br\/portal\/wp-content\/uploads\/2019\/05\/Aniversario_cidade_Foto02_show-1024x683.jpg 1024w\" sizes=\"(max-width: 300px) 100vw, 300px\" \/>Promo\u00e7\u00e3o do N\u00facleo Orquid\u00f3filo Santarritense e Uni\u00e3o Nacional dos Orquid\u00f3filos, a 15\u00aa Exposi\u00e7\u00e3o Nacional de Orqu\u00eddeas, come\u00e7ou nesta sexta-feira (17\/5) e seguiu at\u00e9 domingo, na EMEF Francisco Ribeiro. Ainda na sexta-feira, a Pra\u00e7a Zequinha de Abreu (Matriz), recebeu shows das bandas Nativus, Kuba Libre, com repert\u00f3rios repletos de sucessos. No s\u00e1bado, foi a vez do grupo de pagode Degrad\u00ea e o cantor L\u00e9o Moraes, com seu show Som de Praia.<\/p>\n<figure id=\"attachment_1453\" aria-describedby=\"caption-attachment-1453\" style=\"width: 300px\" class=\"wp-caption alignleft\"><img decoding=\"async\" class=\"wp-image-1453 size-medium\" src=\"http:\/\/www.santaritadopassaquatro.sp.gov.br\/portal\/wp-content\/uploads\/2019\/05\/Aniversario_cidade_Foto05_esquadrilha_fumaca_publico-300x200.jpg\" alt=\"\" width=\"300\" height=\"200\" srcset=\"https:\/\/www.santaritadopassaquatro.sp.gov.br\/portal\/wp-content\/uploads\/2019\/05\/Aniversario_cidade_Foto05_esquadrilha_fumaca_publico-300x200.jpg 300w, https:\/\/www.santaritadopassaquatro.sp.gov.br\/portal\/wp-content\/uploads\/2019\/05\/Aniversario_cidade_Foto05_esquadrilha_fumaca_publico-768x512.jpg 768w, https:\/\/www.santaritadopassaquatro.sp.gov.br\/portal\/wp-content\/uploads\/2019\/05\/Aniversario_cidade_Foto05_esquadrilha_fumaca_publico-1024x683.jpg 1024w\" sizes=\"(max-width: 300px) 100vw, 300px\" \/><figcaption id=\"caption-attachment-1453\" class=\"wp-caption-text\"><span style=\"font-size: 8pt; color: #999999;\"><em><strong>Popula\u00e7\u00e3o e turistas tamb\u00e9m prestigiaram a exibi\u00e7\u00e3o da Esquadrilha da Fuma\u00e7a, na quarta-feira (AssCom\/Divulga\u00e7\u00e3o) \u00a0<\/strong><\/em><\/span><\/figcaption><\/figure>\n<p>O esporte de aventura tamb\u00e9m foi atra\u00e7\u00e3o de s\u00e1bado (18\/5), com o 4\u00ba Desafio do Lobisomem, corrida noturna, e 1\u00ba Trekk\u00e3o, caminhada com animais de estima\u00e7\u00e3o, no Parque Tur\u00edstico Municipal (Clube de Campo), promo\u00e7\u00e3o \u00e9 da Santa Rita Outdoor, com apoio da prefeitura municipal.<\/p>\n<p>O tradicional desfile c\u00edvico e militar, aconteceu no domingo(19\/5), na Av. Severino Meirelles, com a participa\u00e7\u00e3o de 20 institui\u00e7\u00f5es de Santa Rita, Porto Ferreira e Araras. No palanque o prefeito Leandro Luciano dos Santos e a vice-prefeita Maria Rita Mondim de Oliveira receberam diversas autoridades municipais, entre elas, os ex-prefeitos Nelson Scorsolini e Agenor Mauro Zorzi.<\/p>\n<figure id=\"attachment_1452\" aria-describedby=\"caption-attachment-1452\" style=\"width: 300px\" class=\"wp-caption alignright\"><img decoding=\"async\" class=\"wp-image-1452 size-medium\" src=\"http:\/\/www.santaritadopassaquatro.sp.gov.br\/portal\/wp-content\/uploads\/2019\/05\/Aniversario_cidade_Foto03_desfile-300x200.jpg\" alt=\"\" width=\"300\" height=\"200\" srcset=\"https:\/\/www.santaritadopassaquatro.sp.gov.br\/portal\/wp-content\/uploads\/2019\/05\/Aniversario_cidade_Foto03_desfile-300x200.jpg 300w, https:\/\/www.santaritadopassaquatro.sp.gov.br\/portal\/wp-content\/uploads\/2019\/05\/Aniversario_cidade_Foto03_desfile-768x512.jpg 768w, https:\/\/www.santaritadopassaquatro.sp.gov.br\/portal\/wp-content\/uploads\/2019\/05\/Aniversario_cidade_Foto03_desfile-1024x683.jpg 1024w\" sizes=\"(max-width: 300px) 100vw, 300px\" \/><figcaption id=\"caption-attachment-1452\" class=\"wp-caption-text\"><span style=\"font-size: 8pt; color: #999999;\"><em><strong>Grande p\u00fablico no domingo, durante o desfile na Avenida Severino Meirelles (AssCom\/Divulga\u00e7\u00e3o)<\/strong><\/em><\/span><\/figcaption><\/figure>\n<p>Quarta-feira, 22 de maio, dia do anivers\u00e1rio da cidade, a tra\u00e7\u00e3o mais do que especial, atraiu milhares de espectadores no Centro Ol\u00edmpico, para prestigiar a exibi\u00e7\u00e3o da Esquadrilha da Fuma\u00e7a. Foram cerca de 40 minutos de apresenta\u00e7\u00e3o, com sete aeronaves realizando cerca de 50 manobras, todas narradas por um locutor da AFA (Academia da For\u00e7a A\u00e9rea).<\/p>\n<p>&nbsp;<\/p>\n<p>&nbsp;<\/p>\n<p>&nbsp;<\/p>\n<p>&nbsp;<\/p>\n<p>&nbsp;<\/p>\n<p>&nbsp;<\/p>\n","protected":false},"excerpt":{"rendered":"<p>Promo\u00e7\u00e3o do Departamento de Cultura e Turismo, semana contou com shows, desfile e exibi\u00e7\u00e3o da Esquadrilha da Fuma\u00e7a &nbsp; Uma<\/p>\n","protected":false},"author":1,"featured_media":1452,"comment_status":"closed","ping_status":"open","sticky":false,"template":"","format":"standard","meta":{"footnotes":""},"categories":[44,52,60],"tags":[],"class_list":["post-1449","post","type-post","status-publish","format-standard","has-post-thumbnail","hentry","category-cidades","category-latest","category-turismo"],"_links":{"self":[{"href":"https:\/\/www.santaritadopassaquatro.sp.gov.br\/portal\/wp-json\/wp\/v2\/posts\/1449","targetHints":{"allow":["GET"]}}],"collection":[{"href":"https:\/\/www.santaritadopassaquatro.sp.gov.br\/portal\/wp-json\/wp\/v2\/posts"}],"about":[{"href":"https:\/\/www.santaritadopassaquatro.sp.gov.br\/portal\/wp-json\/wp\/v2\/types\/post"}],"author":[{"embeddable":true,"href":"https:\/\/www.santaritadopassaquatro.sp.gov.br\/portal\/wp-json\/wp\/v2\/users\/1"}],"replies":[{"embeddable":true,"href":"https:\/\/www.santaritadopassaquatro.sp.gov.br\/portal\/wp-json\/wp\/v2\/comments?post=1449"}],"version-history":[{"count":0,"href":"https:\/\/www.santaritadopassaquatro.sp.gov.br\/portal\/wp-json\/wp\/v2\/posts\/1449\/revisions"}],"wp:featuredmedia":[{"embeddable":true,"href":"https:\/\/www.santaritadopassaquatro.sp.gov.br\/portal\/wp-json\/wp\/v2\/media\/1452"}],"wp:attachment":[{"href":"https:\/\/www.santaritadopassaquatro.sp.gov.br\/portal\/wp-json\/wp\/v2\/media?parent=1449"}],"wp:term":[{"taxonomy":"category","embeddable":true,"href":"https:\/\/www.santaritadopassaquatro.sp.gov.br\/portal\/wp-json\/wp\/v2\/categories?post=1449"},{"taxonomy":"post_tag","embeddable":true,"href":"https:\/\/www.santaritadopassaquatro.sp.gov.br\/portal\/wp-json\/wp\/v2\/tags?post=1449"}],"curies":[{"name":"wp","href":"https:\/\/api.w.org\/{rel}","templated":true}]}}