{"id":1480,"date":"2019-05-31T14:07:06","date_gmt":"2019-05-31T17:07:06","guid":{"rendered":"http:\/\/www.santaritadopassaquatro.sp.gov.br\/portal\/?p=1480"},"modified":"2019-05-31T14:07:06","modified_gmt":"2019-05-31T17:07:06","slug":"tiros-de-guerra-participa-de-desfile-civico-em-comemoracao-ao-aniversario-de-santa-rita-com-destaque-para-a-mulher-no-exercito-brasileiro","status":"publish","type":"post","link":"https:\/\/www.santaritadopassaquatro.sp.gov.br\/portal\/tiros-de-guerra-participa-de-desfile-civico-em-comemoracao-ao-aniversario-de-santa-rita-com-destaque-para-a-mulher-no-exercito-brasileiro\/","title":{"rendered":"Tiros de Guerra participa de desfile c\u00edvico em comemora\u00e7\u00e3o ao anivers\u00e1rio de Santa Rita com destaque para a mulher no ex\u00e9rcito brasileiro"},"content":{"rendered":"<p><img decoding=\"async\" class=\"alignnone size-medium wp-image-1481 alignleft\" src=\"http:\/\/www.santaritadopassaquatro.sp.gov.br\/portal\/wp-content\/uploads\/2019\/05\/MG_0110-300x200.jpg\" alt=\"\" width=\"300\" height=\"200\" srcset=\"https:\/\/www.santaritadopassaquatro.sp.gov.br\/portal\/wp-content\/uploads\/2019\/05\/MG_0110-300x200.jpg 300w, https:\/\/www.santaritadopassaquatro.sp.gov.br\/portal\/wp-content\/uploads\/2019\/05\/MG_0110-768x512.jpg 768w, https:\/\/www.santaritadopassaquatro.sp.gov.br\/portal\/wp-content\/uploads\/2019\/05\/MG_0110-1024x683.jpg 1024w\" sizes=\"(max-width: 300px) 100vw, 300px\" \/>No dia 19 de maio, o Tiro de Guerra realizou a abertura do desfile c\u00edvico em comemora\u00e7\u00e3o aos 159 anos de anivers\u00e1rio de Santa Rita do Passa Quatro, SP que transcorrer\u00e1 no dia 22 de maio. Em comemora\u00e7\u00e3o a data, desfilou com o TG e o Chefe da Instru\u00e7\u00e3o, o 1\u00ba Sgt DAMI\u00c3O sua filha AGATHA RIBEIRO destacando o a presen\u00e7a das mulheres no Ex\u00e9rcito Brasileiro que mesmo antes da eclos\u00e3o dos movimentos feministas reivindicando a participa\u00e7\u00e3o legitima das mulheres em todas as atividades profissionais, na Primeira Guerra Mundial elas se encontravam agregadas aos ex\u00e9rcitos de diversos pa\u00edses como profissionais da \u00e1rea de sa\u00fade.<\/p>\n<p><img decoding=\"async\" class=\"alignnone size-medium wp-image-1482 alignright\" src=\"http:\/\/www.santaritadopassaquatro.sp.gov.br\/portal\/wp-content\/uploads\/2019\/05\/MG_0216-300x200.jpg\" alt=\"\" width=\"300\" height=\"200\" srcset=\"https:\/\/www.santaritadopassaquatro.sp.gov.br\/portal\/wp-content\/uploads\/2019\/05\/MG_0216-300x200.jpg 300w, https:\/\/www.santaritadopassaquatro.sp.gov.br\/portal\/wp-content\/uploads\/2019\/05\/MG_0216-768x512.jpg 768w, https:\/\/www.santaritadopassaquatro.sp.gov.br\/portal\/wp-content\/uploads\/2019\/05\/MG_0216-1024x683.jpg 1024w\" sizes=\"(max-width: 300px) 100vw, 300px\" \/>Acompanhando as mudan\u00e7as do papel da mulher na sociedade e o incremento de lideran\u00e7as do segmento feminino nas grandes empresas, e em cargos p\u00fablicos, para o Ex\u00e9rcito Brasileiro fez-se necess\u00e1ria a sua presen\u00e7a nas atividades da caserna. Como essa inser\u00e7\u00e3o ocorreu de forma gradual e constante, culminando no ano de 2017, com o ingresso da mulher na Linha de Ensino Militar B\u00e9lico, habilitando-a a galgar os mais altos cargos na hierarquia militar da For\u00e7a Terrestre.<\/p>\n<p><img decoding=\"async\" class=\"alignnone size-medium wp-image-1483 alignleft\" src=\"http:\/\/www.santaritadopassaquatro.sp.gov.br\/portal\/wp-content\/uploads\/2019\/05\/MG_0249-300x200.jpg\" alt=\"\" width=\"300\" height=\"200\" srcset=\"https:\/\/www.santaritadopassaquatro.sp.gov.br\/portal\/wp-content\/uploads\/2019\/05\/MG_0249-300x200.jpg 300w, https:\/\/www.santaritadopassaquatro.sp.gov.br\/portal\/wp-content\/uploads\/2019\/05\/MG_0249-768x512.jpg 768w, https:\/\/www.santaritadopassaquatro.sp.gov.br\/portal\/wp-content\/uploads\/2019\/05\/MG_0249-1024x683.jpg 1024w\" sizes=\"(max-width: 300px) 100vw, 300px\" \/>As mulheres est\u00e3o isentas do servi\u00e7o militar obrigat\u00f3rio, na forma prevista pela Constitui\u00e7\u00e3o. No entanto, podem servir, voluntariamente, como militares de carreira ou tempor\u00e1rias.<\/p>\n<p>A mulher que deseja seguir carreira no Ex\u00e9rcito Brasileiro poder\u00e1 prestar concurso de \u00e2mbito nacional para as seguintes escolas militares:<\/p>\n<p>&nbsp;<\/p>\n<ul>\n<li>Escola de Forma\u00e7\u00e3o Complementar do Ex\u00e9rcito (EsFCEx);<\/li>\n<li>Escola de Sa\u00fade do Ex\u00e9rcito (EsSEx);<\/li>\n<li>Instituto Militar de Engenharia (IME);<\/li>\n<li>Escola de Sargentos de Log\u00edstica (EsSLog);<\/li>\n<\/ul>\n<p>A mulher que deseja ingressar no Ex\u00e9rcito como oficial ou sargento tempor\u00e1rio dever\u00e1 participar da sele\u00e7\u00e3o realizada pelas Regi\u00f5es Militares. Pesquisando na internet \u201cPROCESSO SELETIVO PARA MILITAR TEMPOR\u00c1RIO\u201d.<\/p>\n<p><em>\u201c&#8230;\u00e9 o Ex\u00e9rcito Brasileiro, representado na Est\u00e2ncia Clim\u00e1tica de Santa Rita do Passa Quatro, pelo Tiro de Guerra 02-077, escola de civismo e cidadania, estreitando la\u00e7os de amizade, companheirismo e lealdade.\u201d<\/em><\/p>\n","protected":false},"excerpt":{"rendered":"<p>No dia 19 de maio, o Tiro de Guerra realizou a abertura do desfile c\u00edvico em comemora\u00e7\u00e3o aos 159 anos<\/p>\n","protected":false},"author":1,"featured_media":1481,"comment_status":"closed","ping_status":"open","sticky":false,"template":"","format":"standard","meta":{"footnotes":""},"categories":[36],"tags":[],"class_list":["post-1480","post","type-post","status-publish","format-standard","has-post-thumbnail","hentry","category-tiro-de-guerra"],"_links":{"self":[{"href":"https:\/\/www.santaritadopassaquatro.sp.gov.br\/portal\/wp-json\/wp\/v2\/posts\/1480","targetHints":{"allow":["GET"]}}],"collection":[{"href":"https:\/\/www.santaritadopassaquatro.sp.gov.br\/portal\/wp-json\/wp\/v2\/posts"}],"about":[{"href":"https:\/\/www.santaritadopassaquatro.sp.gov.br\/portal\/wp-json\/wp\/v2\/types\/post"}],"author":[{"embeddable":true,"href":"https:\/\/www.santaritadopassaquatro.sp.gov.br\/portal\/wp-json\/wp\/v2\/users\/1"}],"replies":[{"embeddable":true,"href":"https:\/\/www.santaritadopassaquatro.sp.gov.br\/portal\/wp-json\/wp\/v2\/comments?post=1480"}],"version-history":[{"count":1,"href":"https:\/\/www.santaritadopassaquatro.sp.gov.br\/portal\/wp-json\/wp\/v2\/posts\/1480\/revisions"}],"predecessor-version":[{"id":1484,"href":"https:\/\/www.santaritadopassaquatro.sp.gov.br\/portal\/wp-json\/wp\/v2\/posts\/1480\/revisions\/1484"}],"wp:featuredmedia":[{"embeddable":true,"href":"https:\/\/www.santaritadopassaquatro.sp.gov.br\/portal\/wp-json\/wp\/v2\/media\/1481"}],"wp:attachment":[{"href":"https:\/\/www.santaritadopassaquatro.sp.gov.br\/portal\/wp-json\/wp\/v2\/media?parent=1480"}],"wp:term":[{"taxonomy":"category","embeddable":true,"href":"https:\/\/www.santaritadopassaquatro.sp.gov.br\/portal\/wp-json\/wp\/v2\/categories?post=1480"},{"taxonomy":"post_tag","embeddable":true,"href":"https:\/\/www.santaritadopassaquatro.sp.gov.br\/portal\/wp-json\/wp\/v2\/tags?post=1480"}],"curies":[{"name":"wp","href":"https:\/\/api.w.org\/{rel}","templated":true}]}}