{"id":1488,"date":"2019-05-31T14:11:06","date_gmt":"2019-05-31T17:11:06","guid":{"rendered":"http:\/\/www.santaritadopassaquatro.sp.gov.br\/portal\/?p=1488"},"modified":"2019-05-31T14:11:06","modified_gmt":"2019-05-31T17:11:06","slug":"promocao-social-divulga-lista-de-requerente-que-devem-retirar-certidoes-no-departamento","status":"publish","type":"post","link":"https:\/\/www.santaritadopassaquatro.sp.gov.br\/portal\/promocao-social-divulga-lista-de-requerente-que-devem-retirar-certidoes-no-departamento\/","title":{"rendered":"Promo\u00e7\u00e3o Social divulga lista de requerente que devem retirar certid\u00f5es no Departamento"},"content":{"rendered":"<p><img decoding=\"async\" class=\"alignnone size-full wp-image-399 alignleft\" src=\"http:\/\/www.santaritadopassaquatro.sp.gov.br\/portal\/wp-content\/uploads\/2018\/03\/brasao_90px.png\" alt=\"\" width=\"174\" height=\"215\" \/>O Departamento Municipal de Assist\u00eancia e Desenvolvimento Social de Santa Rita do Passa Quatro e est\u00e1 divulgado a lista de requerentes das respectivas certid\u00f5es, que devem comparecer ao referido Departamento para retir\u00e1-las.<\/p>\n<p>O Departamento de Assist\u00eancia e Desenvolvimento Social, fica na Avenida Severino Meirelles 1761, Centro. O hor\u00e1rio de funcionamento \u00e9 das 8h \u00e0s 10h30 e das 13h \u00e0s 16h30, de segunda a sexta-feira.<\/p>\n<p><strong>CERTID\u00c3O DE CASAMENTO<\/strong><\/p>\n<ul>\n<li>Aparecido Ferreira dos Santos e Maria das Gra\u00e7as da Silva dos Santos;<\/li>\n<li>Carlos Donizetti da Silva e M\u00e1rcia Favaretto;<\/li>\n<li>Daniel Aparecido Maria e Patricia Boscoli Maria;<\/li>\n<li>Domingos Jos\u00e9 Ferraz e Ana Beatriz Campos;<\/li>\n<li>Elizeu Rodrigues Tim\u00f3teo e Sirlene Amaral;<\/li>\n<li>F\u00e1bio Donietti Faria e Rosimeire Aparecida Vicente;<\/li>\n<li>Jo\u00e3o Batista Silva de Oliveira e Maria de Lourdes da Silva de Oliveira;<\/li>\n<li>Jos\u00e9 Luiz Rocha e Maria Aparecida Florentino Rocha.<\/li>\n<\/ul>\n<p><strong>CERTID\u00c3O DE NASCIMENTO<\/strong><\/p>\n<ul>\n<li>Ailton Santos de Almeida;<\/li>\n<li>Andressa Aparecida Perico Domingos;<\/li>\n<li>Carlos Roberto Fortini;<\/li>\n<li>Claudemir Crispim;<\/li>\n<li>Deivid Gabriel Souza Silva;<\/li>\n<li>F\u00e1bio Luiz da Silva;<\/li>\n<li>Jean Belamio Santos;<\/li>\n<li>Jo\u00e3o V\u00edctor Ferreira \u00c1lvares;<\/li>\n<li>Jorge Vin\u00edcius Virg\u00edlio dos Santos;<\/li>\n<li>Jos\u00e9 Henrique Florentino;<\/li>\n<li>Leonildo da Silva Junior;<\/li>\n<li>Mariane Vict\u00f3ria Almeida Rodrigues;<\/li>\n<li>Matheus Jos\u00e9 dos Santos;<\/li>\n<li>Murilo dos Santos Salles;<\/li>\n<li>Rodrigo Martins;<\/li>\n<li>Simone Gomes de Sousa;<\/li>\n<li>Thiago Henrique Miguel;<\/li>\n<li>Valquiria Costa.<\/li>\n<\/ul>\n<p><strong>CERTID\u00c3O DE \u00d3BITO<\/strong><\/p>\n<ul>\n<li>Guerino Romano.<\/li>\n<\/ul>\n","protected":false},"excerpt":{"rendered":"<p>O Departamento Municipal de Assist\u00eancia e Desenvolvimento Social de Santa Rita do Passa Quatro e est\u00e1 divulgado a lista de<\/p>\n","protected":false},"author":1,"featured_media":0,"comment_status":"closed","ping_status":"open","sticky":false,"template":"","format":"standard","meta":{"footnotes":""},"categories":[43,48],"tags":[],"class_list":["post-1488","post","type-post","status-publish","format-standard","hentry","category-assistenciasocial","category-featured"],"_links":{"self":[{"href":"https:\/\/www.santaritadopassaquatro.sp.gov.br\/portal\/wp-json\/wp\/v2\/posts\/1488","targetHints":{"allow":["GET"]}}],"collection":[{"href":"https:\/\/www.santaritadopassaquatro.sp.gov.br\/portal\/wp-json\/wp\/v2\/posts"}],"about":[{"href":"https:\/\/www.santaritadopassaquatro.sp.gov.br\/portal\/wp-json\/wp\/v2\/types\/post"}],"author":[{"embeddable":true,"href":"https:\/\/www.santaritadopassaquatro.sp.gov.br\/portal\/wp-json\/wp\/v2\/users\/1"}],"replies":[{"embeddable":true,"href":"https:\/\/www.santaritadopassaquatro.sp.gov.br\/portal\/wp-json\/wp\/v2\/comments?post=1488"}],"version-history":[{"count":0,"href":"https:\/\/www.santaritadopassaquatro.sp.gov.br\/portal\/wp-json\/wp\/v2\/posts\/1488\/revisions"}],"wp:attachment":[{"href":"https:\/\/www.santaritadopassaquatro.sp.gov.br\/portal\/wp-json\/wp\/v2\/media?parent=1488"}],"wp:term":[{"taxonomy":"category","embeddable":true,"href":"https:\/\/www.santaritadopassaquatro.sp.gov.br\/portal\/wp-json\/wp\/v2\/categories?post=1488"},{"taxonomy":"post_tag","embeddable":true,"href":"https:\/\/www.santaritadopassaquatro.sp.gov.br\/portal\/wp-json\/wp\/v2\/tags?post=1488"}],"curies":[{"name":"wp","href":"https:\/\/api.w.org\/{rel}","templated":true}]}}