{"id":1493,"date":"2019-05-31T14:13:52","date_gmt":"2019-05-31T17:13:52","guid":{"rendered":"http:\/\/www.santaritadopassaquatro.sp.gov.br\/portal\/?p=1493"},"modified":"2019-05-31T14:13:52","modified_gmt":"2019-05-31T17:13:52","slug":"atividades-culturais-de-junho-tem-teatro-circo-oficinas-e-muita-musica","status":"publish","type":"post","link":"https:\/\/www.santaritadopassaquatro.sp.gov.br\/portal\/atividades-culturais-de-junho-tem-teatro-circo-oficinas-e-muita-musica\/","title":{"rendered":"Atividades culturais de junho tem teatro, circo, oficinas e muita m\u00fasica"},"content":{"rendered":"<p><strong><em>Programa\u00e7\u00e3o do Departamento Municipal de Cultura e Turismo incluiu uma noite especial com a Banda Zequinha de Abreu<\/em><\/strong><\/p>\n<p><strong><em>\u00a0<\/em><\/strong><\/p>\n<figure id=\"attachment_1494\" aria-describedby=\"caption-attachment-1494\" style=\"width: 300px\" class=\"wp-caption alignleft\"><img decoding=\"async\" class=\"wp-image-1494 size-medium\" src=\"http:\/\/www.santaritadopassaquatro.sp.gov.br\/portal\/wp-content\/uploads\/2019\/05\/Banda-Zequinha-Abreu-300x200.jpg\" alt=\"\" width=\"300\" height=\"200\" srcset=\"https:\/\/www.santaritadopassaquatro.sp.gov.br\/portal\/wp-content\/uploads\/2019\/05\/Banda-Zequinha-Abreu-300x200.jpg 300w, https:\/\/www.santaritadopassaquatro.sp.gov.br\/portal\/wp-content\/uploads\/2019\/05\/Banda-Zequinha-Abreu-768x511.jpg 768w, https:\/\/www.santaritadopassaquatro.sp.gov.br\/portal\/wp-content\/uploads\/2019\/05\/Banda-Zequinha-Abreu-1024x681.jpg 1024w, https:\/\/www.santaritadopassaquatro.sp.gov.br\/portal\/wp-content\/uploads\/2019\/05\/Banda-Zequinha-Abreu.jpg 1936w\" sizes=\"(max-width: 300px) 100vw, 300px\" \/><figcaption id=\"caption-attachment-1494\" class=\"wp-caption-text\"><span style=\"font-size: 8pt; color: #999999;\"><em><strong>A banda Musical Zequinha de Abreu que se apresenta no pr\u00f3ximo dia 15 de junho, s\u00e1bado, dentro da programa\u00e7\u00e3o de junho (Arquivo\/Divulga\u00e7\u00e3o)<\/strong><\/em><\/span><\/figcaption><\/figure>\n<p>Mais um m\u00eas todo de atividades, assim junho em Santa Rita do Passa Quatro. Atra\u00e7\u00f5es culturais promovidas pelo Departamento de Cultura e Turismo ou com apoio da Prefeitura Municipal acontecem todos os finais de semana a partir deste s\u00e1bado.<\/p>\n<p>A primeira atra\u00e7\u00e3o ser\u00e1 a tarde de recrea\u00e7\u00e3o em comemora\u00e7\u00e3o ao anivers\u00e1rio de Santa Cruz da Estrela, neste s\u00e1bado (1\/6), a partir das 13 horas, no distrito. Na pr\u00f3xima semana, sexta-feira (7\/6) acontece o show \u201cTarral\u00e1 o Voo da Asa Brasil\u201d, na Esta\u00e7\u00e3o Sesi de Cultura, \u00e0 partir das 19h30. A realiza\u00e7\u00e3o \u00e9 do Sesi-SP, com apoio do Departamento Municipal de Cultura.<\/p>\n<p>A semana seguinte come\u00e7a com Oficina de Webclipe, no dia 13 de junho, quinta-feira, das 18h \u00e0s 22h30, no Museu Zequinha de Abreu. Na sequ\u00eancia, acontece a Noite Musical, com a Banda Zequinha de Abreu e Coral Professor Octavio Bueno de Camargo se apresentando no dia 15 de junho, s\u00e1bado, na Concha Ac\u00fastica da Pra\u00e7a Zequinha De Abreu (Matriz), \u00e0 partir das 19h30.<\/p>\n<p>\u00c0 partir de 17 de junho, iniciam as oficinas culturais (locais a definir). No dia 22 de junho, s\u00e1bado acontece a apresenta\u00e7\u00e3o teatral do Espa\u00e7o N\u00facleo, com a pe\u00e7a Peter Pan, \u00e0s 19h30, no Centro Cultural M\u00e1rio Covas, com entrada gratuita. E o m\u00eas termina com circo de rua, da Palha\u00e7a Biruta, no dia 29 de julho, s\u00e1bado, \u00e0s 19h30, na Pra\u00e7a Poeta M\u00e1rio Mattoso (Esta\u00e7\u00e3o), promo\u00e7\u00f5es do Departamento Municipal de Cultura.<\/p>\n<p><strong><em>\u00a0<\/em><\/strong><\/p>\n<p>&nbsp;<\/p>\n","protected":false},"excerpt":{"rendered":"<p>Programa\u00e7\u00e3o do Departamento Municipal de Cultura e Turismo incluiu uma noite especial com a Banda Zequinha de Abreu \u00a0 Mais<\/p>\n","protected":false},"author":1,"featured_media":1494,"comment_status":"closed","ping_status":"open","sticky":false,"template":"","format":"standard","meta":{"footnotes":""},"categories":[46,50],"tags":[],"class_list":["post-1493","post","type-post","status-publish","format-standard","has-post-thumbnail","hentry","category-cultura","category-entertainment"],"_links":{"self":[{"href":"https:\/\/www.santaritadopassaquatro.sp.gov.br\/portal\/wp-json\/wp\/v2\/posts\/1493","targetHints":{"allow":["GET"]}}],"collection":[{"href":"https:\/\/www.santaritadopassaquatro.sp.gov.br\/portal\/wp-json\/wp\/v2\/posts"}],"about":[{"href":"https:\/\/www.santaritadopassaquatro.sp.gov.br\/portal\/wp-json\/wp\/v2\/types\/post"}],"author":[{"embeddable":true,"href":"https:\/\/www.santaritadopassaquatro.sp.gov.br\/portal\/wp-json\/wp\/v2\/users\/1"}],"replies":[{"embeddable":true,"href":"https:\/\/www.santaritadopassaquatro.sp.gov.br\/portal\/wp-json\/wp\/v2\/comments?post=1493"}],"version-history":[{"count":0,"href":"https:\/\/www.santaritadopassaquatro.sp.gov.br\/portal\/wp-json\/wp\/v2\/posts\/1493\/revisions"}],"wp:featuredmedia":[{"embeddable":true,"href":"https:\/\/www.santaritadopassaquatro.sp.gov.br\/portal\/wp-json\/wp\/v2\/media\/1494"}],"wp:attachment":[{"href":"https:\/\/www.santaritadopassaquatro.sp.gov.br\/portal\/wp-json\/wp\/v2\/media?parent=1493"}],"wp:term":[{"taxonomy":"category","embeddable":true,"href":"https:\/\/www.santaritadopassaquatro.sp.gov.br\/portal\/wp-json\/wp\/v2\/categories?post=1493"},{"taxonomy":"post_tag","embeddable":true,"href":"https:\/\/www.santaritadopassaquatro.sp.gov.br\/portal\/wp-json\/wp\/v2\/tags?post=1493"}],"curies":[{"name":"wp","href":"https:\/\/api.w.org\/{rel}","templated":true}]}}