{"id":1496,"date":"2019-05-31T14:15:28","date_gmt":"2019-05-31T17:15:28","guid":{"rendered":"http:\/\/www.santaritadopassaquatro.sp.gov.br\/portal\/?p=1496"},"modified":"2019-05-31T14:15:28","modified_gmt":"2019-05-31T17:15:28","slug":"departamento-de-cultura-tras-de-volta-o-espaco-nucleo-com-mais-uma-peca-teatral","status":"publish","type":"post","link":"https:\/\/www.santaritadopassaquatro.sp.gov.br\/portal\/departamento-de-cultura-tras-de-volta-o-espaco-nucleo-com-mais-uma-peca-teatral\/","title":{"rendered":"Departamento de Cultura traz de volta o Espa\u00e7o N\u00facleo com mais uma pe\u00e7a teatral"},"content":{"rendered":"<p><strong><em>Espet\u00e1culo Peter Pan ser\u00e1 encenado no Centro Cultural Mario Covas no pr\u00f3ximo dia 22 de junho<\/em><\/strong><\/p>\n<p>&nbsp;<\/p>\n<figure id=\"attachment_1497\" aria-describedby=\"caption-attachment-1497\" style=\"width: 300px\" class=\"wp-caption alignleft\"><img decoding=\"async\" class=\"wp-image-1497 size-medium\" src=\"http:\/\/www.santaritadopassaquatro.sp.gov.br\/portal\/wp-content\/uploads\/2019\/05\/teatro-PETER-PAN-3-300x156.jpg\" alt=\"\" width=\"300\" height=\"156\" srcset=\"https:\/\/www.santaritadopassaquatro.sp.gov.br\/portal\/wp-content\/uploads\/2019\/05\/teatro-PETER-PAN-3-300x156.jpg 300w, https:\/\/www.santaritadopassaquatro.sp.gov.br\/portal\/wp-content\/uploads\/2019\/05\/teatro-PETER-PAN-3-768x400.jpg 768w, https:\/\/www.santaritadopassaquatro.sp.gov.br\/portal\/wp-content\/uploads\/2019\/05\/teatro-PETER-PAN-3.jpg 1022w\" sizes=\"(max-width: 300px) 100vw, 300px\" \/><figcaption id=\"caption-attachment-1497\" class=\"wp-caption-text\"><span style=\"font-size: 8pt; color: #999999;\"><em><strong>Cena de Peter Pan, do Espa\u00e7o N\u00facleo, que ser\u00e1 exibido em Santa Rita (Divulga\u00e7\u00e3o)<\/strong><\/em><\/span><\/figcaption><\/figure>\n<p>Junho est\u00e1 repleto de atra\u00e7\u00f5es culturais promovidas pelo Departamento de Cultura da Prefeitura Municipal de Santa Rita do Passa Quatro. Uma delas traz de volta \u00e0 cidade o Espa\u00e7o N\u00facleo, com mais um espet\u00e1culo teatral. Peter Pan ser\u00e1 exibido no pr\u00f3ximo dia 22 de junho, s\u00e1bado, \u00e0s 19h30, no Centro Cultural M\u00e1rio Covas, com entrada gratuita.<\/p>\n<p>A famosa hist\u00f3ria do menino que n\u00e3o queria crescer encanta crian\u00e7as e adultos. Peter Pan queria ser crian\u00e7a para sempre e isso s\u00f3 \u00e9 poss\u00edvel em um \u00fanico lugar. Junto com a fada Sininho, Peter fica amigo de Wendy, Jo\u00e3o e Miguel e decidem lev\u00e1-los para conhecer a Terra do Nunca, onde o tempo n\u00e3o passa. Uma sucess\u00e3o de aventuras espera a turma, que se deparar\u00e1, inclusive, com um navio pirata e o terr\u00edvel Capit\u00e3o Gancho.<\/p>\n<p>O grupo teatral Espa\u00e7o N\u00facleo, de Limeira, j\u00e1 esteve em Santa Rita com dois espet\u00e1culos, em 2018. A pe\u00e7a \u201cCaravela da Ilus\u00e3o\u201d foi apresentada em maio e \u201cJo\u00e3o e o P\u00e9 de Feij\u00e3o\u201d, em outubro do ano passado.\u00a0 Ambas as atra\u00e7\u00f5es com grande participa\u00e7\u00e3o do p\u00fablico.<\/p>\n<p>&nbsp;<\/p>\n<p>&nbsp;<\/p>\n","protected":false},"excerpt":{"rendered":"<p>Espet\u00e1culo Peter Pan ser\u00e1 encenado no Centro Cultural Mario Covas no pr\u00f3ximo dia 22 de junho &nbsp; Junho est\u00e1 repleto<\/p>\n","protected":false},"author":1,"featured_media":1497,"comment_status":"closed","ping_status":"open","sticky":false,"template":"","format":"standard","meta":{"footnotes":""},"categories":[46,50],"tags":[],"class_list":["post-1496","post","type-post","status-publish","format-standard","has-post-thumbnail","hentry","category-cultura","category-entertainment"],"_links":{"self":[{"href":"https:\/\/www.santaritadopassaquatro.sp.gov.br\/portal\/wp-json\/wp\/v2\/posts\/1496","targetHints":{"allow":["GET"]}}],"collection":[{"href":"https:\/\/www.santaritadopassaquatro.sp.gov.br\/portal\/wp-json\/wp\/v2\/posts"}],"about":[{"href":"https:\/\/www.santaritadopassaquatro.sp.gov.br\/portal\/wp-json\/wp\/v2\/types\/post"}],"author":[{"embeddable":true,"href":"https:\/\/www.santaritadopassaquatro.sp.gov.br\/portal\/wp-json\/wp\/v2\/users\/1"}],"replies":[{"embeddable":true,"href":"https:\/\/www.santaritadopassaquatro.sp.gov.br\/portal\/wp-json\/wp\/v2\/comments?post=1496"}],"version-history":[{"count":0,"href":"https:\/\/www.santaritadopassaquatro.sp.gov.br\/portal\/wp-json\/wp\/v2\/posts\/1496\/revisions"}],"wp:featuredmedia":[{"embeddable":true,"href":"https:\/\/www.santaritadopassaquatro.sp.gov.br\/portal\/wp-json\/wp\/v2\/media\/1497"}],"wp:attachment":[{"href":"https:\/\/www.santaritadopassaquatro.sp.gov.br\/portal\/wp-json\/wp\/v2\/media?parent=1496"}],"wp:term":[{"taxonomy":"category","embeddable":true,"href":"https:\/\/www.santaritadopassaquatro.sp.gov.br\/portal\/wp-json\/wp\/v2\/categories?post=1496"},{"taxonomy":"post_tag","embeddable":true,"href":"https:\/\/www.santaritadopassaquatro.sp.gov.br\/portal\/wp-json\/wp\/v2\/tags?post=1496"}],"curies":[{"name":"wp","href":"https:\/\/api.w.org\/{rel}","templated":true}]}}