{"id":1513,"date":"2019-05-31T14:26:22","date_gmt":"2019-05-31T17:26:22","guid":{"rendered":"http:\/\/www.santaritadopassaquatro.sp.gov.br\/portal\/?p=1513"},"modified":"2019-05-31T14:26:22","modified_gmt":"2019-05-31T17:26:22","slug":"com-coleta-de-lixo-eletronico-prefeitura-ira-comemorar-o-dia-mundial-do-meio-ambiente","status":"publish","type":"post","link":"https:\/\/www.santaritadopassaquatro.sp.gov.br\/portal\/com-coleta-de-lixo-eletronico-prefeitura-ira-comemorar-o-dia-mundial-do-meio-ambiente\/","title":{"rendered":"Com coleta de lixo eletr\u00f4nico, Prefeitura ir\u00e1 comemorar o Dia Mundial do Meio Ambiente"},"content":{"rendered":"<p><strong><em>Data \u00e9 comemorado anualmente no dia 5 de junho e Prefeitura ir\u00e1 promover a\u00e7\u00f5es durante toda semana<\/em><\/strong><\/p>\n<p><strong><em>\u00a0<\/em><\/strong><\/p>\n<figure id=\"attachment_1514\" aria-describedby=\"caption-attachment-1514\" style=\"width: 300px\" class=\"wp-caption alignleft\"><img decoding=\"async\" class=\"wp-image-1514 size-medium\" src=\"http:\/\/www.santaritadopassaquatro.sp.gov.br\/portal\/wp-content\/uploads\/2019\/05\/lixo_eletronico-300x200.jpg\" alt=\"\" width=\"300\" height=\"200\" srcset=\"https:\/\/www.santaritadopassaquatro.sp.gov.br\/portal\/wp-content\/uploads\/2019\/05\/lixo_eletronico-300x200.jpg 300w, https:\/\/www.santaritadopassaquatro.sp.gov.br\/portal\/wp-content\/uploads\/2019\/05\/lixo_eletronico-768x512.jpg 768w, https:\/\/www.santaritadopassaquatro.sp.gov.br\/portal\/wp-content\/uploads\/2019\/05\/lixo_eletronico-1024x683.jpg 1024w\" sizes=\"(max-width: 300px) 100vw, 300px\" \/><figcaption id=\"caption-attachment-1514\" class=\"wp-caption-text\"><span style=\"font-size: 8pt; color: #999999;\"><em><strong>Campanha de Arrecada\u00e7\u00e3o de Lixo Eletr\u00f4nico ir\u00e1 comemorar o Dia Mundial do Meio Ambiente na pr\u00f3xima quarta-feira (AssCom\/Arquivo\/Divulga\u00e7\u00e3o)<\/strong><\/em><\/span><\/figcaption><\/figure>\n<p>Cinco de maio \u00e9 o Dia Mundial de Meio Ambiente, para comemorar a data o Departamento de Meio Ambiente da Prefeitura Municipal de Santa Rita do Passa Quatro ir\u00e1 realizar uma campanha de arrecada\u00e7\u00e3o de lixo eletr\u00f4nico, na pr\u00f3xima quarta-feira (5\/6), na pra\u00e7a Poeta M\u00e1rio Mattoso, no p\u00e1tio da Esta\u00e7\u00e3o, onde a popula\u00e7\u00e3o poder\u00e1 levar material eletr\u00f4nico a ser descartado, no hor\u00e1rio das 13h \u00e0s 16 horas.<\/p>\n<p>O objetivo da campanha \u00e9 de promover o descarte consciente do material nocivo ao meio ambiente. Com exce\u00e7\u00e3o de l\u00e2mpadas (incandescentes ou fluorescentes), qualquer material eletr\u00f4nico pode ser descartado, como computadores, placas e equipamentos de inform\u00e1tica em geral, monitores, televisores, aparelhos de som, antenas, fax e telefonia (incluindo celulares), pilhas, baterias, fios e cabos el\u00e9tricos, videogames e fitas VHS, entre outros.<\/p>\n<p>A a\u00e7\u00e3o \u00e9 uma das que ser\u00e3o realizadas durante toda a semana, sempre enfatizando a educa\u00e7\u00e3o ambiental, conserva\u00e7\u00e3o, preserva\u00e7\u00e3o e conscientiza\u00e7\u00e3o. A primeira atividade acontece nesta ter\u00e7a-feira (4\/6), com plantio realizado pelo Departamento de Agricultura e Meio Ambiente em parceria com os atiradores do Tiro de Guerra\u00a0 02077, na Represa Municipal de Abastecimento P\u00fablico Passa Quatro. \u00a0Na quarta-feira (5\/6), o Dia Mundial do Meio Ambiente acontece a recolha de lixo eletr\u00f4nico, na Pra\u00e7a da Esta\u00e7\u00e3o.<\/p>\n<p>Quinta-feira (6\/6) acontece a visita ao Parque Estadual Vassunuga, com os alunos do Projeto Viveiro Educador da Escola Municipal Laura Suriani Barbuio. Sexta-feira (7\/6) tem visita de estudantes \u00e0 Esta\u00e7\u00e3o de Tratamento de \u00c1gua de Santa Rita do Passa Quatro (COMASA).<\/p>\n<p>As atividades se encerram no s\u00e1bado (8\/6) com exposi\u00e7\u00e3o na Feira do Produtor, na Pra\u00e7a do Ros\u00e1rio em Comemora\u00e7\u00e3o do Dia Mundial do Meio Ambiente, realizada pelo Departamento de Agricultura e Meio Ambiente em parceria com os feirantes, Departamento de Controle de Vetores, COMASA, Associa\u00e7\u00e3o dos Agentes Ecol\u00f3gicos e Parque Estadual Vassununga.<\/p>\n<p>&nbsp;<\/p>\n<p>&nbsp;<\/p>\n","protected":false},"excerpt":{"rendered":"<p>Data \u00e9 comemorado anualmente no dia 5 de junho e Prefeitura ir\u00e1 promover a\u00e7\u00f5es durante toda semana \u00a0 Cinco de<\/p>\n","protected":false},"author":1,"featured_media":1514,"comment_status":"closed","ping_status":"open","sticky":false,"template":"","format":"standard","meta":{"footnotes":""},"categories":[48,52,53],"tags":[],"class_list":["post-1513","post","type-post","status-publish","format-standard","has-post-thumbnail","hentry","category-featured","category-latest","category-meio-ambiente"],"_links":{"self":[{"href":"https:\/\/www.santaritadopassaquatro.sp.gov.br\/portal\/wp-json\/wp\/v2\/posts\/1513","targetHints":{"allow":["GET"]}}],"collection":[{"href":"https:\/\/www.santaritadopassaquatro.sp.gov.br\/portal\/wp-json\/wp\/v2\/posts"}],"about":[{"href":"https:\/\/www.santaritadopassaquatro.sp.gov.br\/portal\/wp-json\/wp\/v2\/types\/post"}],"author":[{"embeddable":true,"href":"https:\/\/www.santaritadopassaquatro.sp.gov.br\/portal\/wp-json\/wp\/v2\/users\/1"}],"replies":[{"embeddable":true,"href":"https:\/\/www.santaritadopassaquatro.sp.gov.br\/portal\/wp-json\/wp\/v2\/comments?post=1513"}],"version-history":[{"count":0,"href":"https:\/\/www.santaritadopassaquatro.sp.gov.br\/portal\/wp-json\/wp\/v2\/posts\/1513\/revisions"}],"wp:featuredmedia":[{"embeddable":true,"href":"https:\/\/www.santaritadopassaquatro.sp.gov.br\/portal\/wp-json\/wp\/v2\/media\/1514"}],"wp:attachment":[{"href":"https:\/\/www.santaritadopassaquatro.sp.gov.br\/portal\/wp-json\/wp\/v2\/media?parent=1513"}],"wp:term":[{"taxonomy":"category","embeddable":true,"href":"https:\/\/www.santaritadopassaquatro.sp.gov.br\/portal\/wp-json\/wp\/v2\/categories?post=1513"},{"taxonomy":"post_tag","embeddable":true,"href":"https:\/\/www.santaritadopassaquatro.sp.gov.br\/portal\/wp-json\/wp\/v2\/tags?post=1513"}],"curies":[{"name":"wp","href":"https:\/\/api.w.org\/{rel}","templated":true}]}}