{"id":1516,"date":"2019-05-31T14:32:11","date_gmt":"2019-05-31T17:32:11","guid":{"rendered":"http:\/\/www.santaritadopassaquatro.sp.gov.br\/portal\/?p=1516"},"modified":"2019-05-31T14:32:11","modified_gmt":"2019-05-31T17:32:11","slug":"prefeito-participa-de-abertura-de-treinamento-do-gate-em-santa-rita","status":"publish","type":"post","link":"https:\/\/www.santaritadopassaquatro.sp.gov.br\/portal\/prefeito-participa-de-abertura-de-treinamento-do-gate-em-santa-rita\/","title":{"rendered":"Prefeito participa de abertura de treinamento do GATE em Santa Rita"},"content":{"rendered":"<p><strong><em>Atividade reuniu policiais militares de v\u00e1rias cidades com instru\u00e7\u00e3o de oficiais do Grupo de A\u00e7\u00f5es T\u00e1ticas Especiais<\/em><\/strong><\/p>\n<p><strong><em>\u00a0<\/em><\/strong><\/p>\n<figure id=\"attachment_1517\" aria-describedby=\"caption-attachment-1517\" style=\"width: 300px\" class=\"wp-caption alignleft\"><img decoding=\"async\" class=\"wp-image-1517 size-medium\" src=\"http:\/\/www.santaritadopassaquatro.sp.gov.br\/portal\/wp-content\/uploads\/2019\/05\/Treinamento_PM_GATE_01-300x200.jpg\" alt=\"\" width=\"300\" height=\"200\" srcset=\"https:\/\/www.santaritadopassaquatro.sp.gov.br\/portal\/wp-content\/uploads\/2019\/05\/Treinamento_PM_GATE_01-300x200.jpg 300w, https:\/\/www.santaritadopassaquatro.sp.gov.br\/portal\/wp-content\/uploads\/2019\/05\/Treinamento_PM_GATE_01-768x512.jpg 768w, https:\/\/www.santaritadopassaquatro.sp.gov.br\/portal\/wp-content\/uploads\/2019\/05\/Treinamento_PM_GATE_01-1024x683.jpg 1024w\" sizes=\"(max-width: 300px) 100vw, 300px\" \/><figcaption id=\"caption-attachment-1517\" class=\"wp-caption-text\"><span style=\"font-size: 8pt; color: #999999;\"><em><strong>O prefeito durante a abertura do treinamento do GATE realizado na ter\u00e7a-feira (AssCom\/ Divulga\u00e7\u00e3o)<\/strong><\/em><\/span><\/figcaption><\/figure>\n<p>Santa Rita do Passa Quatro recebeu esta semana um treinamento para policiais militares locais de dois munic\u00edpios de Araraquara, Descalvado, Franca, Ibat\u00e9, Ribeir\u00e3o Bonito e S\u00e3o Carlos. O treinamento foi promovido pelo 38\u00ba Batalh\u00e3o de Pol\u00edcia Militar do Interior e 3\u00aa Companhia de Pol\u00edcia Militar, da qual o munic\u00edpio santa-ritense faz parte.<\/p>\n<p>Realizado no Centro Cultural M\u00e1rio Covas, na \u00faltima ter\u00e7a-feira (28\/5), o treinamento foi ministrado por oficiais do Gate (Grupo de A\u00e7\u00f5es T\u00e1ticas Especiais), com coordena\u00e7\u00e3o do pelo capit\u00e3o Daniel Cossani.<\/p>\n<figure id=\"attachment_1518\" aria-describedby=\"caption-attachment-1518\" style=\"width: 300px\" class=\"wp-caption alignright\"><img decoding=\"async\" class=\"wp-image-1518 size-medium\" src=\"http:\/\/www.santaritadopassaquatro.sp.gov.br\/portal\/wp-content\/uploads\/2019\/05\/Treinamento_PM_GATE_02-300x200.jpg\" alt=\"\" width=\"300\" height=\"200\" srcset=\"https:\/\/www.santaritadopassaquatro.sp.gov.br\/portal\/wp-content\/uploads\/2019\/05\/Treinamento_PM_GATE_02-300x200.jpg 300w, https:\/\/www.santaritadopassaquatro.sp.gov.br\/portal\/wp-content\/uploads\/2019\/05\/Treinamento_PM_GATE_02-768x512.jpg 768w, https:\/\/www.santaritadopassaquatro.sp.gov.br\/portal\/wp-content\/uploads\/2019\/05\/Treinamento_PM_GATE_02-1024x683.jpg 1024w\" sizes=\"(max-width: 300px) 100vw, 300px\" \/><figcaption id=\"caption-attachment-1518\" class=\"wp-caption-text\"><span style=\"font-size: 8pt; color: #999999;\"><em><strong>O capit\u00e3o Daniel Cossani durante instru\u00e7\u00e3o aos policiais participantes da atividade no Centro Cultural (AssCom\/ Divulga\u00e7\u00e3o)<\/strong><\/em><\/span><\/figcaption><\/figure>\n<p>O prefeito Leandro Luciano dos Santos participou da abertura das atividades, junto ao capit\u00e3o PM Daniel do Amaral Veiga, comandante 3\u00aa Companhia. Em seu discurso, o prefeito teve a oportunidade de falar sobre a parceria entre Prefeitura e PM que tem obtido uma redu\u00e7\u00e3o dr\u00e1stica no n\u00famero de ocorr\u00eancias na cidade, gra\u00e7as ao trabalho de policiamento preventivo do conv\u00eanio de Atividade Delegada. \u201cCom isso tornamos nossa est\u00e2ncia um lugar mais seguro para nossa popula\u00e7\u00e3o e turistas\u201d, disse o prefeito.<\/p>\n<p>&nbsp;<\/p>\n<p>&nbsp;<\/p>\n<p><em>\u00a0<\/em><\/p>\n","protected":false},"excerpt":{"rendered":"<p>Atividade reuniu policiais militares de v\u00e1rias cidades com instru\u00e7\u00e3o de oficiais do Grupo de A\u00e7\u00f5es T\u00e1ticas Especiais \u00a0 Santa Rita<\/p>\n","protected":false},"author":1,"featured_media":1517,"comment_status":"closed","ping_status":"open","sticky":false,"template":"","format":"standard","meta":{"footnotes":""},"categories":[48,52,59],"tags":[],"class_list":["post-1516","post","type-post","status-publish","format-standard","has-post-thumbnail","hentry","category-featured","category-latest","category-seguranca-publica"],"_links":{"self":[{"href":"https:\/\/www.santaritadopassaquatro.sp.gov.br\/portal\/wp-json\/wp\/v2\/posts\/1516","targetHints":{"allow":["GET"]}}],"collection":[{"href":"https:\/\/www.santaritadopassaquatro.sp.gov.br\/portal\/wp-json\/wp\/v2\/posts"}],"about":[{"href":"https:\/\/www.santaritadopassaquatro.sp.gov.br\/portal\/wp-json\/wp\/v2\/types\/post"}],"author":[{"embeddable":true,"href":"https:\/\/www.santaritadopassaquatro.sp.gov.br\/portal\/wp-json\/wp\/v2\/users\/1"}],"replies":[{"embeddable":true,"href":"https:\/\/www.santaritadopassaquatro.sp.gov.br\/portal\/wp-json\/wp\/v2\/comments?post=1516"}],"version-history":[{"count":0,"href":"https:\/\/www.santaritadopassaquatro.sp.gov.br\/portal\/wp-json\/wp\/v2\/posts\/1516\/revisions"}],"wp:featuredmedia":[{"embeddable":true,"href":"https:\/\/www.santaritadopassaquatro.sp.gov.br\/portal\/wp-json\/wp\/v2\/media\/1517"}],"wp:attachment":[{"href":"https:\/\/www.santaritadopassaquatro.sp.gov.br\/portal\/wp-json\/wp\/v2\/media?parent=1516"}],"wp:term":[{"taxonomy":"category","embeddable":true,"href":"https:\/\/www.santaritadopassaquatro.sp.gov.br\/portal\/wp-json\/wp\/v2\/categories?post=1516"},{"taxonomy":"post_tag","embeddable":true,"href":"https:\/\/www.santaritadopassaquatro.sp.gov.br\/portal\/wp-json\/wp\/v2\/tags?post=1516"}],"curies":[{"name":"wp","href":"https:\/\/api.w.org\/{rel}","templated":true}]}}