{"id":1520,"date":"2019-05-31T14:33:12","date_gmt":"2019-05-31T17:33:12","guid":{"rendered":"http:\/\/www.santaritadopassaquatro.sp.gov.br\/portal\/?p=1520"},"modified":"2019-05-31T14:33:12","modified_gmt":"2019-05-31T17:33:12","slug":"prefeito-tem-agenda-em-sp-com-secretario-de-desenvolvimento","status":"publish","type":"post","link":"https:\/\/www.santaritadopassaquatro.sp.gov.br\/portal\/prefeito-tem-agenda-em-sp-com-secretario-de-desenvolvimento\/","title":{"rendered":"Prefeito tem agenda em SP com secret\u00e1rio de Desenvolvimento"},"content":{"rendered":"<p><strong><em>Reuni\u00e3o aconteceu na \u00faltima quarta-feira, no Pal\u00e1cio dos Bandeirantes<\/em><\/strong><\/p>\n<p>&nbsp;<\/p>\n<figure id=\"attachment_1521\" aria-describedby=\"caption-attachment-1521\" style=\"width: 300px\" class=\"wp-caption alignleft\"><img decoding=\"async\" class=\"wp-image-1521 size-medium\" src=\"http:\/\/www.santaritadopassaquatro.sp.gov.br\/portal\/wp-content\/uploads\/2019\/05\/Prefeito_Vilholi-300x225.jpg\" alt=\"\" width=\"300\" height=\"225\" srcset=\"https:\/\/www.santaritadopassaquatro.sp.gov.br\/portal\/wp-content\/uploads\/2019\/05\/Prefeito_Vilholi-300x225.jpg 300w, https:\/\/www.santaritadopassaquatro.sp.gov.br\/portal\/wp-content\/uploads\/2019\/05\/Prefeito_Vilholi-768x576.jpg 768w, https:\/\/www.santaritadopassaquatro.sp.gov.br\/portal\/wp-content\/uploads\/2019\/05\/Prefeito_Vilholi.jpg 1024w\" sizes=\"(max-width: 300px) 100vw, 300px\" \/><figcaption id=\"caption-attachment-1521\" class=\"wp-caption-text\"><span style=\"font-size: 8pt; color: #999999;\"><em><strong>Os prefeitos de Santa Rita e Campos do Jord\u00e3o com o secret\u00e1rio de Desenvolvimento Regional, em S\u00e3o Paulo (Divulga\u00e7\u00e3o)<\/strong><\/em><\/span><\/figcaption><\/figure>\n<p>O prefeito de Santa Rita do Passa Quatro, Leandro Luciano dos Santos, tem cumprindo extensa agenda de compromissos em S\u00e3o Paulo em busca de benef\u00edcios para o munic\u00edpio e pelo desenvolvimento do turismo paulista.<\/p>\n<p>No \u00faltimo dia 24 de maio, sexta-feira, em viagem \u00e0 capital, o prefeito esteve em reuni\u00e3o com o secret\u00e1rio de Desenvolvimento Regional do Estado de S\u00e3o Paulo, Marco Vinholi, no Pal\u00e1cio dos Bandeirantes, sede do governo paulista.<\/p>\n<p>Na reuni\u00e3o, Leandro esteve acompanhado do prefeito do munic\u00edpio de Campos do Jord\u00e3o, Fred Guidoni, e o objetivo foi discutirmos a\u00e7\u00f5es para fortalecimento da regi\u00e3o e tamb\u00e9m buscar um planejamento de libera\u00e7\u00f5es de recursos para a cidade e demais est\u00e2ncias.<\/p>\n<p>De acordo com o prefeito, o encontro tamb\u00e9m proporcionou uma troca muito interessante de experi\u00eancias sobre turismo com o prefeito de Campos, uma das mais importantes est\u00e2ncias tur\u00edsticas do Estado.<\/p>\n<p>&nbsp;<\/p>\n<p>&nbsp;<\/p>\n<p>&nbsp;<\/p>\n","protected":false},"excerpt":{"rendered":"<p>Reuni\u00e3o aconteceu na \u00faltima quarta-feira, no Pal\u00e1cio dos Bandeirantes &nbsp; O prefeito de Santa Rita do Passa Quatro, Leandro Luciano<\/p>\n","protected":false},"author":1,"featured_media":1521,"comment_status":"closed","ping_status":"open","sticky":false,"template":"","format":"standard","meta":{"footnotes":""},"categories":[44,52,60],"tags":[],"class_list":["post-1520","post","type-post","status-publish","format-standard","has-post-thumbnail","hentry","category-cidades","category-latest","category-turismo"],"_links":{"self":[{"href":"https:\/\/www.santaritadopassaquatro.sp.gov.br\/portal\/wp-json\/wp\/v2\/posts\/1520","targetHints":{"allow":["GET"]}}],"collection":[{"href":"https:\/\/www.santaritadopassaquatro.sp.gov.br\/portal\/wp-json\/wp\/v2\/posts"}],"about":[{"href":"https:\/\/www.santaritadopassaquatro.sp.gov.br\/portal\/wp-json\/wp\/v2\/types\/post"}],"author":[{"embeddable":true,"href":"https:\/\/www.santaritadopassaquatro.sp.gov.br\/portal\/wp-json\/wp\/v2\/users\/1"}],"replies":[{"embeddable":true,"href":"https:\/\/www.santaritadopassaquatro.sp.gov.br\/portal\/wp-json\/wp\/v2\/comments?post=1520"}],"version-history":[{"count":0,"href":"https:\/\/www.santaritadopassaquatro.sp.gov.br\/portal\/wp-json\/wp\/v2\/posts\/1520\/revisions"}],"wp:featuredmedia":[{"embeddable":true,"href":"https:\/\/www.santaritadopassaquatro.sp.gov.br\/portal\/wp-json\/wp\/v2\/media\/1521"}],"wp:attachment":[{"href":"https:\/\/www.santaritadopassaquatro.sp.gov.br\/portal\/wp-json\/wp\/v2\/media?parent=1520"}],"wp:term":[{"taxonomy":"category","embeddable":true,"href":"https:\/\/www.santaritadopassaquatro.sp.gov.br\/portal\/wp-json\/wp\/v2\/categories?post=1520"},{"taxonomy":"post_tag","embeddable":true,"href":"https:\/\/www.santaritadopassaquatro.sp.gov.br\/portal\/wp-json\/wp\/v2\/tags?post=1520"}],"curies":[{"name":"wp","href":"https:\/\/api.w.org\/{rel}","templated":true}]}}