{"id":1524,"date":"2019-06-03T10:49:19","date_gmt":"2019-06-03T13:49:19","guid":{"rendered":"http:\/\/www.santaritadopassaquatro.sp.gov.br\/portal\/?p=1524"},"modified":"2019-06-03T14:22:00","modified_gmt":"2019-06-03T17:22:00","slug":"1524-2","status":"publish","type":"post","link":"https:\/\/www.santaritadopassaquatro.sp.gov.br\/portal\/1524-2\/","title":{"rendered":"ALIMENTA\u00c7\u00c3O ESCOLAR:\u00a0CARD\u00c1PIO JUNHO 2019"},"content":{"rendered":"<p>(EMEI, ENSINO FUNDAMENTAL E ENSINO M\u00c9DIO)<\/p>\n<p>&nbsp;<\/p>\n<p><strong>Segunda-feira &#8211; 3 de junho:<br \/>\n<\/strong>Arroz, feij\u00e3o e strogonoff de carne.<\/p>\n<p><strong>Ter\u00e7a-feira &#8211; 4 de junho:<br \/>\n<\/strong>Arroz, feij\u00e3o, pernil em cubos c\/ batata<\/p>\n<p><strong>Quarta-feira &#8211; 5 de junho:<br \/>\n<\/strong>Risoto de salsicha, feij\u00e3o e ovos de codorna.<\/p>\n<p><strong>Quinta-feira &#8211; 6 de junho:<br \/>\n<\/strong>Arroz, feij\u00e3o e frango com legumes.<\/p>\n<p><strong>Sexta-feira &#8211; 7 de junho:<br \/>\n<\/strong>Macarr\u00e3o ao molho e lingui\u00e7a toscana.<\/p>\n<p><strong>\u00a0<\/strong><\/p>\n<p><strong>Segunda-feira &#8211; 10 de junho:<br \/>\n<\/strong>Arroz, feij\u00e3o e polenta ao molho carne em tiras.<\/p>\n<p><strong>Ter\u00e7a-feira &#8211; 11 de junho:<br \/>\n<\/strong>Arroz, feij\u00e3o e carne em cubos com mandioca<strong>. <\/strong><\/p>\n<p><strong>Quarta-feira &#8211; 12 de junho:<br \/>\n<\/strong>Arroz, feij\u00e3o e salada de legumes.<\/p>\n<p><strong>Quinta-feira &#8211; 13 de junho:<br \/>\n<\/strong>Arroz de forno, feij\u00e3o preto e canjica.<\/p>\n<p><strong>Sexta-feira &#8211; 14 de junho:<br \/>\n<\/strong>Macarr\u00e3o ao molho com mini alm\u00f4ndegas.<\/p>\n<p>&nbsp;<\/p>\n<p><strong>Segunda-feira &#8211; 17 de junho:<br \/>\n<\/strong>Arroz, feij\u00e3o e pernil em cubos com batata.<\/p>\n<p><strong>Ter\u00e7a-feira &#8211; 18 de junho:<br \/>\n<\/strong>Arroz, feij\u00e3o e carne mo\u00edda com cenoura.<\/p>\n<p><strong>Quarta-feira &#8211; 19 de junho:<br \/>\n<\/strong>Macarr\u00e3o ao molho de salsicha.<\/p>\n<p><strong>Quinta-feira &#8211; 20 de junho:<br \/>\n<\/strong>Feriado.<\/p>\n<p><strong>Sexta-feira &#8211; 21 de junho:<br \/>\n<\/strong>Ponto facultativo.<\/p>\n<p>&nbsp;<\/p>\n<p><strong>Segunda-feira &#8211; 24 de junho:<br \/>\n<\/strong>Arroz, feij\u00e3o preto e farofa primavera.<\/p>\n<p><strong>Ter\u00e7a-feira &#8211; 25 de junho:<br \/>\n<\/strong>Arroz, feij\u00e3o e carne em tiras com ervilha, cenoura e batata.<\/p>\n<p><strong>Quarta-feira &#8211; 26 de junho:<br \/>\n<\/strong>Arroz, feij\u00e3o e salsicha ao sugo.<\/p>\n<p><strong>Quinta-feira &#8211; 27 de junho:<br \/>\n<\/strong>Arroz, feij\u00e3o e strogonoff de frango.<\/p>\n<p><strong>Sexta-feira &#8211; 28 de junho:<br \/>\n<\/strong>Macarr\u00e3o ao molho de atum.<\/p>\n<p><strong>\u00a0<\/strong><\/p>\n<p>1\u00aa semana: folha\/legumes: br\u00f3colis &#8211; fruta: tangerina e ma\u00e7\u00e3.<\/p>\n<p>2\u00aa semana: folha\/legumes: repolho &#8211; fruta: banana e mam\u00e3o papaia.<\/p>\n<p>3\u00aa semana: folha\/legumes: pepino &#8211; fruta:\u00a0 uva.<\/p>\n<p>4\u00aa semana: folhas\/legumes: tomate &#8211; fruta: pera.<\/p>\n<p>&nbsp;<\/p>\n<p><strong>Observa\u00e7\u00e3o: <\/strong><em>card\u00e1pio sujeito a altera\u00e7\u00f5es caso necess\u00e1rio\u00a0\u00a0\u00a0\u00a0\u00a0\u00a0\u00a0\u00a0\u00a0\u00a0 .\u00a0\u00a0\u00a0\u00a0\u00a0\u00a0\u00a0\u00a0\u00a0\u00a0\u00a0\u00a0\u00a0\u00a0\u00a0\u00a0\u00a0\u00a0\u00a0\u00a0\u00a0\u00a0 <\/em><\/p>\n<p><strong>Nutricionista respons\u00e1vel t\u00e9cnica: <\/strong><em>S\u00edlvia Regina Lorencetti (CRN 3915)<\/em><\/p>\n<p>&nbsp;<\/p>\n","protected":false},"excerpt":{"rendered":"<p>(EMEI, ENSINO FUNDAMENTAL E ENSINO M\u00c9DIO) &nbsp; Segunda-feira &#8211; 3 de junho: Arroz, feij\u00e3o e strogonoff de carne. Ter\u00e7a-feira &#8211;<\/p>\n","protected":false},"author":1,"featured_media":816,"comment_status":"closed","ping_status":"open","sticky":false,"template":"","format":"standard","meta":{"footnotes":""},"categories":[32],"tags":[],"class_list":["post-1524","post","type-post","status-publish","format-standard","has-post-thumbnail","hentry","category-merenda-escolar"],"_links":{"self":[{"href":"https:\/\/www.santaritadopassaquatro.sp.gov.br\/portal\/wp-json\/wp\/v2\/posts\/1524","targetHints":{"allow":["GET"]}}],"collection":[{"href":"https:\/\/www.santaritadopassaquatro.sp.gov.br\/portal\/wp-json\/wp\/v2\/posts"}],"about":[{"href":"https:\/\/www.santaritadopassaquatro.sp.gov.br\/portal\/wp-json\/wp\/v2\/types\/post"}],"author":[{"embeddable":true,"href":"https:\/\/www.santaritadopassaquatro.sp.gov.br\/portal\/wp-json\/wp\/v2\/users\/1"}],"replies":[{"embeddable":true,"href":"https:\/\/www.santaritadopassaquatro.sp.gov.br\/portal\/wp-json\/wp\/v2\/comments?post=1524"}],"version-history":[{"count":2,"href":"https:\/\/www.santaritadopassaquatro.sp.gov.br\/portal\/wp-json\/wp\/v2\/posts\/1524\/revisions"}],"predecessor-version":[{"id":1526,"href":"https:\/\/www.santaritadopassaquatro.sp.gov.br\/portal\/wp-json\/wp\/v2\/posts\/1524\/revisions\/1526"}],"wp:featuredmedia":[{"embeddable":true,"href":"https:\/\/www.santaritadopassaquatro.sp.gov.br\/portal\/wp-json\/wp\/v2\/media\/816"}],"wp:attachment":[{"href":"https:\/\/www.santaritadopassaquatro.sp.gov.br\/portal\/wp-json\/wp\/v2\/media?parent=1524"}],"wp:term":[{"taxonomy":"category","embeddable":true,"href":"https:\/\/www.santaritadopassaquatro.sp.gov.br\/portal\/wp-json\/wp\/v2\/categories?post=1524"},{"taxonomy":"post_tag","embeddable":true,"href":"https:\/\/www.santaritadopassaquatro.sp.gov.br\/portal\/wp-json\/wp\/v2\/tags?post=1524"}],"curies":[{"name":"wp","href":"https:\/\/api.w.org\/{rel}","templated":true}]}}