{"id":1538,"date":"2019-06-07T14:38:51","date_gmt":"2019-06-07T17:38:51","guid":{"rendered":"http:\/\/www.santaritadopassaquatro.sp.gov.br\/portal\/?p=1538"},"modified":"2019-06-07T15:32:54","modified_gmt":"2019-06-07T18:32:54","slug":"tiro-de-guerra-participa-da-campanha-maio-amarelo-conscientizacao-no-transito-da-policia-militar","status":"publish","type":"post","link":"https:\/\/www.santaritadopassaquatro.sp.gov.br\/portal\/tiro-de-guerra-participa-da-campanha-maio-amarelo-conscientizacao-no-transito-da-policia-militar\/","title":{"rendered":"Tiro de Guerra participa da campanha \u201cMaio Amarelo &#8211; Conscientiza\u00e7\u00e3o no Tr\u00e2nsito\u201d da Pol\u00edcia Militar"},"content":{"rendered":"<p><img decoding=\"async\" class=\"alignnone size-medium wp-image-1540 alignleft\" src=\"http:\/\/www.santaritadopassaquatro.sp.gov.br\/portal\/wp-content\/uploads\/2019\/06\/20190531_062653-300x169.jpg\" alt=\"\" width=\"300\" height=\"169\" srcset=\"https:\/\/www.santaritadopassaquatro.sp.gov.br\/portal\/wp-content\/uploads\/2019\/06\/20190531_062653-300x169.jpg 300w, https:\/\/www.santaritadopassaquatro.sp.gov.br\/portal\/wp-content\/uploads\/2019\/06\/20190531_062653-768x432.jpg 768w, https:\/\/www.santaritadopassaquatro.sp.gov.br\/portal\/wp-content\/uploads\/2019\/06\/20190531_062653-1024x576.jpg 1024w\" sizes=\"(max-width: 300px) 100vw, 300px\" \/>No dia 31 de maio, o Tiro de Guerra 02\/077, atrav\u00e9s da Pol\u00edcia Militar do Estado de S\u00e3o Paulo, recebeu palestra sobre tr\u00e2nsito seguro, como parte da campanha de conscientiza\u00e7\u00e3o da educa\u00e7\u00e3o no tr\u00e2nsito &#8211; MAIO AMARELO ATEN\u00c7\u00c3O PELA VIDA. N\u00d3S SOMOS O TR\u00c2NSITO, tendo como palestrante, o Cabo PM Cassiano Samogim Junior respons\u00e1vel pelo PROERD e ronda escolar. A palestra com foco na conscientiza\u00e7\u00e3o abordou de temas falando de um conjunto de a\u00e7\u00f5es preventivas que envolvem todos os atores (motoristas, pedestres e ciclistas) com rela\u00e7\u00e3o ao respeito \u00e0 faixa de pedestre para tornar o tr\u00e2nsito de Santa Rita do Passa Quatro, um lugar mais seguro, evitando acidentes e mortes as atualiza\u00e7\u00f5es das leis de tr\u00e2nsito e consequ\u00eancias das infra\u00e7\u00f5es.<\/p>\n<p><em><img decoding=\"async\" class=\"alignnone size-medium wp-image-1539 alignright\" src=\"http:\/\/www.santaritadopassaquatro.sp.gov.br\/portal\/wp-content\/uploads\/2019\/06\/20190531_073225-300x169.jpg\" alt=\"\" width=\"300\" height=\"169\" srcset=\"https:\/\/www.santaritadopassaquatro.sp.gov.br\/portal\/wp-content\/uploads\/2019\/06\/20190531_073225-300x169.jpg 300w, https:\/\/www.santaritadopassaquatro.sp.gov.br\/portal\/wp-content\/uploads\/2019\/06\/20190531_073225-768x432.jpg 768w, https:\/\/www.santaritadopassaquatro.sp.gov.br\/portal\/wp-content\/uploads\/2019\/06\/20190531_073225-1024x576.jpg 1024w\" sizes=\"(max-width: 300px) 100vw, 300px\" \/>\u00a0\u201c&#8230;\u00e9 o Ex\u00e9rcito Brasileiro, representado na Est\u00e2ncia Clim\u00e1tica de Santa Rita do Passa Quatro, pelo Tiro de Guerra 02-077, escola de civismo e cidadania, estreitando la\u00e7os de amizade, companheirismo e lealdade.\u201d<\/em><\/p>\n","protected":false},"excerpt":{"rendered":"<p>No dia 31 de maio, o Tiro de Guerra 02\/077, atrav\u00e9s da Pol\u00edcia Militar do Estado de S\u00e3o Paulo, recebeu<\/p>\n","protected":false},"author":1,"featured_media":1540,"comment_status":"closed","ping_status":"open","sticky":false,"template":"","format":"standard","meta":{"footnotes":""},"categories":[48,36],"tags":[],"class_list":["post-1538","post","type-post","status-publish","format-standard","has-post-thumbnail","hentry","category-featured","category-tiro-de-guerra"],"_links":{"self":[{"href":"https:\/\/www.santaritadopassaquatro.sp.gov.br\/portal\/wp-json\/wp\/v2\/posts\/1538","targetHints":{"allow":["GET"]}}],"collection":[{"href":"https:\/\/www.santaritadopassaquatro.sp.gov.br\/portal\/wp-json\/wp\/v2\/posts"}],"about":[{"href":"https:\/\/www.santaritadopassaquatro.sp.gov.br\/portal\/wp-json\/wp\/v2\/types\/post"}],"author":[{"embeddable":true,"href":"https:\/\/www.santaritadopassaquatro.sp.gov.br\/portal\/wp-json\/wp\/v2\/users\/1"}],"replies":[{"embeddable":true,"href":"https:\/\/www.santaritadopassaquatro.sp.gov.br\/portal\/wp-json\/wp\/v2\/comments?post=1538"}],"version-history":[{"count":1,"href":"https:\/\/www.santaritadopassaquatro.sp.gov.br\/portal\/wp-json\/wp\/v2\/posts\/1538\/revisions"}],"predecessor-version":[{"id":1541,"href":"https:\/\/www.santaritadopassaquatro.sp.gov.br\/portal\/wp-json\/wp\/v2\/posts\/1538\/revisions\/1541"}],"wp:featuredmedia":[{"embeddable":true,"href":"https:\/\/www.santaritadopassaquatro.sp.gov.br\/portal\/wp-json\/wp\/v2\/media\/1540"}],"wp:attachment":[{"href":"https:\/\/www.santaritadopassaquatro.sp.gov.br\/portal\/wp-json\/wp\/v2\/media?parent=1538"}],"wp:term":[{"taxonomy":"category","embeddable":true,"href":"https:\/\/www.santaritadopassaquatro.sp.gov.br\/portal\/wp-json\/wp\/v2\/categories?post=1538"},{"taxonomy":"post_tag","embeddable":true,"href":"https:\/\/www.santaritadopassaquatro.sp.gov.br\/portal\/wp-json\/wp\/v2\/tags?post=1538"}],"curies":[{"name":"wp","href":"https:\/\/api.w.org\/{rel}","templated":true}]}}