{"id":1542,"date":"2019-06-07T14:40:38","date_gmt":"2019-06-07T17:40:38","guid":{"rendered":"http:\/\/www.santaritadopassaquatro.sp.gov.br\/portal\/?p=1542"},"modified":"2019-06-07T14:40:38","modified_gmt":"2019-06-07T17:40:38","slug":"santa-rita-do-passa-quatro-159-anos-festa-na-estrela-encerra-o-mes-de-aniversario-de-cidade","status":"publish","type":"post","link":"https:\/\/www.santaritadopassaquatro.sp.gov.br\/portal\/santa-rita-do-passa-quatro-159-anos-festa-na-estrela-encerra-o-mes-de-aniversario-de-cidade\/","title":{"rendered":"SANTA RITA DO PASSA QUATRO 159 ANOS &#8211;\u00a0Festa na Estrela encerra o m\u00eas de anivers\u00e1rio de cidade"},"content":{"rendered":"<p><strong><em>Evento fez parte da programa\u00e7\u00e3o do Departamento de Cultura e Turismo <\/em><\/strong><\/p>\n<p>&nbsp;<\/p>\n<figure id=\"attachment_1543\" aria-describedby=\"caption-attachment-1543\" style=\"width: 300px\" class=\"wp-caption alignleft\"><img decoding=\"async\" class=\"wp-image-1543 size-medium\" src=\"http:\/\/www.santaritadopassaquatro.sp.gov.br\/portal\/wp-content\/uploads\/2019\/06\/Festa_estrela_2019-300x200.jpg\" alt=\"\" width=\"300\" height=\"200\" srcset=\"https:\/\/www.santaritadopassaquatro.sp.gov.br\/portal\/wp-content\/uploads\/2019\/06\/Festa_estrela_2019-300x200.jpg 300w, https:\/\/www.santaritadopassaquatro.sp.gov.br\/portal\/wp-content\/uploads\/2019\/06\/Festa_estrela_2019-768x512.jpg 768w, https:\/\/www.santaritadopassaquatro.sp.gov.br\/portal\/wp-content\/uploads\/2019\/06\/Festa_estrela_2019-1024x683.jpg 1024w\" sizes=\"(max-width: 300px) 100vw, 300px\" \/><figcaption id=\"caption-attachment-1543\" class=\"wp-caption-text\"><span style=\"font-size: 8pt; color: #999999;\"><em><strong>Atividade recreativa promovida no evento em comemora\u00e7\u00e3o ao anivers\u00e1rio da Estrela no \u00faltimo s\u00e1bado (AssCom\/Divulga\u00e7\u00e3o)<\/strong><\/em><\/span><\/figcaption><\/figure>\n<p>Depois de um m\u00eas inteiro de atividades, a programa\u00e7\u00e3o do Departamento de Cultura e Turismo da Prefeitura Municipal, em comemora\u00e7\u00e3o ao anivers\u00e1rio de Santa Rita do Passa Quatro, terminou no \u00faltimo s\u00e1bado (1\u00ba\/5), com evento em Santa Cruz da Estrela. No per\u00edodo da tarde o distrito recebeu atividades culturais, esportivas e de recrea\u00e7\u00e3o, totalmente gratuitas.<\/p>\n<p>O evento tamb\u00e9m comemorou os 125 anos de funda\u00e7\u00e3o de Santa Cruz da Estrela. A programa\u00e7\u00e3o tamb\u00e9m incluiu a 3\u00b0 Caminhada \u00e0 Caverna do Dioguinho, promovida pelo setor de Turismo at\u00e9 um dos esconderijos do famoso criminoso que atuou na regi\u00e3o no final do s\u00e9culo 19 (confira no texto a seguir). Com percurso de cerca de 5 quil\u00f4metros, a caminhada recebeu um grande n\u00famero de participantes.<\/p>\n<p>Foi um m\u00eas inteiro de atra\u00e7\u00f5es. Desde o dia 1\u00ba de maio, Santa Rita recebeu uma s\u00e9rie de eventos em comemora\u00e7\u00e3o ao anivers\u00e1rio de 159 anos de funda\u00e7\u00e3o do munic\u00edpio. Foram realizados torneio de pesca, encontros de ferromodelismo e cl\u00e1ssicos, \u201cSabad\u00e3o Animad\u00e3o na Pra\u00e7a\u201d, Circo na Pra\u00e7a, a 15\u00aa Exposi\u00e7\u00e3o Nacional de Orqu\u00eddeas, shows dos grupos Nativus, Degarad\u00ea, Kuba Libre e o cantor L\u00e9o Moraes, 4\u00ba Desafio do Lobisomem, desfile c\u00edvico, exibi\u00e7\u00e3o da Esquadrilha da Fuma\u00e7a e jogo beneficente com o time Master do Corinthians, atividades todas com grande presen\u00e7a e participa\u00e7\u00e3o do p\u00fablico.<\/p>\n<p>&nbsp;<\/p>\n<p>&nbsp;<\/p>\n","protected":false},"excerpt":{"rendered":"<p>Evento fez parte da programa\u00e7\u00e3o do Departamento de Cultura e Turismo &nbsp; Depois de um m\u00eas inteiro de atividades, a<\/p>\n","protected":false},"author":1,"featured_media":1543,"comment_status":"closed","ping_status":"open","sticky":false,"template":"","format":"standard","meta":{"footnotes":""},"categories":[44,48],"tags":[],"class_list":["post-1542","post","type-post","status-publish","format-standard","has-post-thumbnail","hentry","category-cidades","category-featured"],"_links":{"self":[{"href":"https:\/\/www.santaritadopassaquatro.sp.gov.br\/portal\/wp-json\/wp\/v2\/posts\/1542","targetHints":{"allow":["GET"]}}],"collection":[{"href":"https:\/\/www.santaritadopassaquatro.sp.gov.br\/portal\/wp-json\/wp\/v2\/posts"}],"about":[{"href":"https:\/\/www.santaritadopassaquatro.sp.gov.br\/portal\/wp-json\/wp\/v2\/types\/post"}],"author":[{"embeddable":true,"href":"https:\/\/www.santaritadopassaquatro.sp.gov.br\/portal\/wp-json\/wp\/v2\/users\/1"}],"replies":[{"embeddable":true,"href":"https:\/\/www.santaritadopassaquatro.sp.gov.br\/portal\/wp-json\/wp\/v2\/comments?post=1542"}],"version-history":[{"count":0,"href":"https:\/\/www.santaritadopassaquatro.sp.gov.br\/portal\/wp-json\/wp\/v2\/posts\/1542\/revisions"}],"wp:featuredmedia":[{"embeddable":true,"href":"https:\/\/www.santaritadopassaquatro.sp.gov.br\/portal\/wp-json\/wp\/v2\/media\/1543"}],"wp:attachment":[{"href":"https:\/\/www.santaritadopassaquatro.sp.gov.br\/portal\/wp-json\/wp\/v2\/media?parent=1542"}],"wp:term":[{"taxonomy":"category","embeddable":true,"href":"https:\/\/www.santaritadopassaquatro.sp.gov.br\/portal\/wp-json\/wp\/v2\/categories?post=1542"},{"taxonomy":"post_tag","embeddable":true,"href":"https:\/\/www.santaritadopassaquatro.sp.gov.br\/portal\/wp-json\/wp\/v2\/tags?post=1542"}],"curies":[{"name":"wp","href":"https:\/\/api.w.org\/{rel}","templated":true}]}}