{"id":1549,"date":"2019-06-07T14:43:07","date_gmt":"2019-06-07T17:43:07","guid":{"rendered":"http:\/\/www.santaritadopassaquatro.sp.gov.br\/portal\/?p=1549"},"modified":"2019-06-07T14:43:07","modified_gmt":"2019-06-07T17:43:07","slug":"espaco-nucleo-estara-de-volta-a-cidade-com-peca-teatral-peter-pena","status":"publish","type":"post","link":"https:\/\/www.santaritadopassaquatro.sp.gov.br\/portal\/espaco-nucleo-estara-de-volta-a-cidade-com-peca-teatral-peter-pena\/","title":{"rendered":"Espa\u00e7o N\u00facleo estar\u00e1 de volta a cidade com pe\u00e7a teatral Peter Pena"},"content":{"rendered":"<p><strong><em>Promovido pelo Departamento de Cultura, espet\u00e1culo ser\u00e1 encenado no Centro Cultural Mario Covas, no pr\u00f3ximo dia 22\/6 <\/em><\/strong><\/p>\n<p>&nbsp;<\/p>\n<p><img decoding=\"async\" class=\"alignnone size-medium wp-image-1550 alignleft\" src=\"http:\/\/www.santaritadopassaquatro.sp.gov.br\/portal\/wp-content\/uploads\/2019\/06\/teatro-PETER-PAN-3-300x156.jpg\" alt=\"\" width=\"300\" height=\"156\" srcset=\"https:\/\/www.santaritadopassaquatro.sp.gov.br\/portal\/wp-content\/uploads\/2019\/06\/teatro-PETER-PAN-3-300x156.jpg 300w, https:\/\/www.santaritadopassaquatro.sp.gov.br\/portal\/wp-content\/uploads\/2019\/06\/teatro-PETER-PAN-3-768x400.jpg 768w, https:\/\/www.santaritadopassaquatro.sp.gov.br\/portal\/wp-content\/uploads\/2019\/06\/teatro-PETER-PAN-3.jpg 1022w\" sizes=\"(max-width: 300px) 100vw, 300px\" \/>Entre as atra\u00e7\u00f5es culturais de junho, promovidas pelo Departamento de Cultura da Prefeitura Municipal de Santa Rita do Passa Quatro, o Espa\u00e7o N\u00facleo estar\u00e1 de volta com mais um espet\u00e1culo teatral. Peter Pan ser\u00e1 exibido no pr\u00f3ximo dia 22\/6, s\u00e1bado, \u00e0s 19h30, no Centro Cultural M\u00e1rio Covas, com entrada gratuita.<\/p>\n<p>A famosa hist\u00f3ria do menino que n\u00e3o queria crescer encanta crian\u00e7as e adultos. Peter Pan queria ser crian\u00e7a para sempre e isso s\u00f3 \u00e9 poss\u00edvel em um \u00fanico lugar. Junto com a fada Sininho, Peter fica amigo de Wendy, Jo\u00e3o e Miguel e decidem lev\u00e1-los para conhecer a Terra do Nunca, onde o tempo n\u00e3o passa. Uma sucess\u00e3o de aventuras espera a turma, que se deparar\u00e1, inclusive, com um navio pirata e o terr\u00edvel Capit\u00e3o Gancho.<\/p>\n<p>O grupo teatral Espa\u00e7o N\u00facleo, de Limeira, j\u00e1 esteve em Santa Rita com dois espet\u00e1culos, em 2018. A pe\u00e7a \u201cCaravela da Ilus\u00e3o\u201d foi apresentada em maio e \u201cJo\u00e3o e o P\u00e9 de Feij\u00e3o\u201d, em outubro do ano passado.\u00a0 Ambas as atra\u00e7\u00f5es com grande participa\u00e7\u00e3o do p\u00fablico.<\/p>\n<p>&nbsp;<\/p>\n<p>&nbsp;<\/p>\n","protected":false},"excerpt":{"rendered":"<p>Promovido pelo Departamento de Cultura, espet\u00e1culo ser\u00e1 encenado no Centro Cultural Mario Covas, no pr\u00f3ximo dia 22\/6 &nbsp; Entre as<\/p>\n","protected":false},"author":1,"featured_media":1550,"comment_status":"closed","ping_status":"open","sticky":false,"template":"","format":"standard","meta":{"footnotes":""},"categories":[46],"tags":[],"class_list":["post-1549","post","type-post","status-publish","format-standard","has-post-thumbnail","hentry","category-cultura"],"_links":{"self":[{"href":"https:\/\/www.santaritadopassaquatro.sp.gov.br\/portal\/wp-json\/wp\/v2\/posts\/1549","targetHints":{"allow":["GET"]}}],"collection":[{"href":"https:\/\/www.santaritadopassaquatro.sp.gov.br\/portal\/wp-json\/wp\/v2\/posts"}],"about":[{"href":"https:\/\/www.santaritadopassaquatro.sp.gov.br\/portal\/wp-json\/wp\/v2\/types\/post"}],"author":[{"embeddable":true,"href":"https:\/\/www.santaritadopassaquatro.sp.gov.br\/portal\/wp-json\/wp\/v2\/users\/1"}],"replies":[{"embeddable":true,"href":"https:\/\/www.santaritadopassaquatro.sp.gov.br\/portal\/wp-json\/wp\/v2\/comments?post=1549"}],"version-history":[{"count":0,"href":"https:\/\/www.santaritadopassaquatro.sp.gov.br\/portal\/wp-json\/wp\/v2\/posts\/1549\/revisions"}],"wp:featuredmedia":[{"embeddable":true,"href":"https:\/\/www.santaritadopassaquatro.sp.gov.br\/portal\/wp-json\/wp\/v2\/media\/1550"}],"wp:attachment":[{"href":"https:\/\/www.santaritadopassaquatro.sp.gov.br\/portal\/wp-json\/wp\/v2\/media?parent=1549"}],"wp:term":[{"taxonomy":"category","embeddable":true,"href":"https:\/\/www.santaritadopassaquatro.sp.gov.br\/portal\/wp-json\/wp\/v2\/categories?post=1549"},{"taxonomy":"post_tag","embeddable":true,"href":"https:\/\/www.santaritadopassaquatro.sp.gov.br\/portal\/wp-json\/wp\/v2\/tags?post=1549"}],"curies":[{"name":"wp","href":"https:\/\/api.w.org\/{rel}","templated":true}]}}