{"id":1552,"date":"2019-06-07T14:44:22","date_gmt":"2019-06-07T17:44:22","guid":{"rendered":"http:\/\/www.santaritadopassaquatro.sp.gov.br\/portal\/?p=1552"},"modified":"2019-06-07T14:44:22","modified_gmt":"2019-06-07T17:44:22","slug":"oficina-de-webclipe-com-ex-mtv-tem-inscricoes-enceradas","status":"publish","type":"post","link":"https:\/\/www.santaritadopassaquatro.sp.gov.br\/portal\/oficina-de-webclipe-com-ex-mtv-tem-inscricoes-enceradas\/","title":{"rendered":"Oficina de Webclipe com ex-MTV tem inscri\u00e7\u00f5es enceradas"},"content":{"rendered":"<p><strong><em>Atividade promovida pelo Departamento Municipal de Cultura em parceria com MIS, com Marcelo Perdido, acontece no pr\u00f3ximo dia 13 de junho<\/em><\/strong><\/p>\n<p>&nbsp;<\/p>\n<figure id=\"attachment_1553\" aria-describedby=\"caption-attachment-1553\" style=\"width: 300px\" class=\"wp-caption alignleft\"><img decoding=\"async\" class=\"wp-image-1553 size-medium\" src=\"http:\/\/www.santaritadopassaquatro.sp.gov.br\/portal\/wp-content\/uploads\/2019\/06\/MarceloPerdido_LeonardoMascaro-3-696x464-300x200.jpg\" alt=\"\" width=\"300\" height=\"200\" srcset=\"https:\/\/www.santaritadopassaquatro.sp.gov.br\/portal\/wp-content\/uploads\/2019\/06\/MarceloPerdido_LeonardoMascaro-3-696x464-300x200.jpg 300w, https:\/\/www.santaritadopassaquatro.sp.gov.br\/portal\/wp-content\/uploads\/2019\/06\/MarceloPerdido_LeonardoMascaro-3-696x464.jpg 696w\" sizes=\"(max-width: 300px) 100vw, 300px\" \/><figcaption id=\"caption-attachment-1553\" class=\"wp-caption-text\"><span style=\"font-size: 8pt; color: #999999;\"><em><strong>O ex-MTV Marcelo Perdido, que ir\u00e1 ministrar a oficina de webclipe em Santa Rita (Divulga\u00e7\u00e3o)<\/strong><\/em><\/span><\/figcaption><\/figure>\n<p>O Departamento de Cultura da Prefeitura Municipal de Santa Rita do Passa Quatro em parceria com o Museu da Imagem e do Som (MIS) de S\u00e3o Paulo, promove na pr\u00f3xima quinta-feira (13\/6) a oficina de webclipe, ministrada por Marcelo Perdido, Com vagas limitadas j\u00e1 completas, as inscri\u00e7\u00f5es est\u00e3o encerradas.<\/p>\n<p>A atividade acontece no Museu Zequinha de Abreu, \u00e0 partir das 18h30. Com quatro horas de dura\u00e7\u00e3o, a primeira hora ser\u00e1 dedicada para a introdu\u00e7\u00e3o do conceito de webclipes atrav\u00e9s de exemplos e an\u00fancio da m\u00fasica escolhida para o exerc\u00edcio pr\u00e1tico (os participantes podem enviar suas pr\u00f3prias m\u00fasicas, no caso de nenhuma m\u00fasica ser enviada antes, o exerc\u00edcio ser\u00e1 feito em cima de uma m\u00fasica com direitos autorais liberados).<\/p>\n<p>As tr\u00eas horas restantes ser\u00e3o utilizadas na concep\u00e7\u00e3o da ideia para o webclipe, capta\u00e7\u00e3o de imagens e edi\u00e7\u00e3o. O resultado do exerc\u00edcio \u00e9 um v\u00eddeo com parte da m\u00fasica escolhida, que ser\u00e1 publicado nas plataformas do programa e poder\u00e1 ser compartilhado por todos os participantes.<\/p>\n<p>Graduado em publicidade pelo Mackenzie e p\u00f3s-graduado em cria\u00e7\u00e3o de imagem e som pelo Senac, Marcelo Perdido, que j\u00e1 dirigiu diversos programas na MTV, tradicional emissora musical, muito popular nos anos 1980, 1990 e in\u00edcio da d\u00e9cada de 2000.<\/p>\n<p>&nbsp;<\/p>\n<p>&nbsp;<\/p>\n","protected":false},"excerpt":{"rendered":"<p>Atividade promovida pelo Departamento Municipal de Cultura em parceria com MIS, com Marcelo Perdido, acontece no pr\u00f3ximo dia 13 de<\/p>\n","protected":false},"author":1,"featured_media":1553,"comment_status":"closed","ping_status":"open","sticky":false,"template":"","format":"standard","meta":{"footnotes":""},"categories":[46,1],"tags":[],"class_list":["post-1552","post","type-post","status-publish","format-standard","has-post-thumbnail","hentry","category-cultura","category-sem-categoria"],"_links":{"self":[{"href":"https:\/\/www.santaritadopassaquatro.sp.gov.br\/portal\/wp-json\/wp\/v2\/posts\/1552","targetHints":{"allow":["GET"]}}],"collection":[{"href":"https:\/\/www.santaritadopassaquatro.sp.gov.br\/portal\/wp-json\/wp\/v2\/posts"}],"about":[{"href":"https:\/\/www.santaritadopassaquatro.sp.gov.br\/portal\/wp-json\/wp\/v2\/types\/post"}],"author":[{"embeddable":true,"href":"https:\/\/www.santaritadopassaquatro.sp.gov.br\/portal\/wp-json\/wp\/v2\/users\/1"}],"replies":[{"embeddable":true,"href":"https:\/\/www.santaritadopassaquatro.sp.gov.br\/portal\/wp-json\/wp\/v2\/comments?post=1552"}],"version-history":[{"count":0,"href":"https:\/\/www.santaritadopassaquatro.sp.gov.br\/portal\/wp-json\/wp\/v2\/posts\/1552\/revisions"}],"wp:featuredmedia":[{"embeddable":true,"href":"https:\/\/www.santaritadopassaquatro.sp.gov.br\/portal\/wp-json\/wp\/v2\/media\/1553"}],"wp:attachment":[{"href":"https:\/\/www.santaritadopassaquatro.sp.gov.br\/portal\/wp-json\/wp\/v2\/media?parent=1552"}],"wp:term":[{"taxonomy":"category","embeddable":true,"href":"https:\/\/www.santaritadopassaquatro.sp.gov.br\/portal\/wp-json\/wp\/v2\/categories?post=1552"},{"taxonomy":"post_tag","embeddable":true,"href":"https:\/\/www.santaritadopassaquatro.sp.gov.br\/portal\/wp-json\/wp\/v2\/tags?post=1552"}],"curies":[{"name":"wp","href":"https:\/\/api.w.org\/{rel}","templated":true}]}}