{"id":1555,"date":"2019-06-07T14:46:21","date_gmt":"2019-06-07T17:46:21","guid":{"rendered":"http:\/\/www.santaritadopassaquatro.sp.gov.br\/portal\/?p=1555"},"modified":"2019-06-07T14:46:21","modified_gmt":"2019-06-07T17:46:21","slug":"definida-a-programacao-do-27o-festival-de-tradicoes-italianas","status":"publish","type":"post","link":"https:\/\/www.santaritadopassaquatro.sp.gov.br\/portal\/definida-a-programacao-do-27o-festival-de-tradicoes-italianas\/","title":{"rendered":"Definida a programa\u00e7\u00e3o do 27\u00ba Festival de Tradi\u00e7\u00f5es Italianas"},"content":{"rendered":"<p>&nbsp;<\/p>\n<p><strong><em>Evento acontece pr\u00f3ximo ao feriado de 9 de julho com objetivo de atrair turistas e homenagear o pa\u00eds que mais trouxe imigrantes para a regi\u00e3o<\/em><\/strong><\/p>\n<p>&nbsp;<\/p>\n<figure id=\"attachment_1556\" aria-describedby=\"caption-attachment-1556\" style=\"width: 300px\" class=\"wp-caption alignleft\"><img decoding=\"async\" class=\"wp-image-1556 size-medium\" src=\"http:\/\/www.santaritadopassaquatro.sp.gov.br\/portal\/wp-content\/uploads\/2019\/06\/26a_Festa_italiana_foto10-300x200.jpg\" alt=\"\" width=\"300\" height=\"200\" srcset=\"https:\/\/www.santaritadopassaquatro.sp.gov.br\/portal\/wp-content\/uploads\/2019\/06\/26a_Festa_italiana_foto10-300x200.jpg 300w, https:\/\/www.santaritadopassaquatro.sp.gov.br\/portal\/wp-content\/uploads\/2019\/06\/26a_Festa_italiana_foto10-768x512.jpg 768w, https:\/\/www.santaritadopassaquatro.sp.gov.br\/portal\/wp-content\/uploads\/2019\/06\/26a_Festa_italiana_foto10-1024x683.jpg 1024w\" sizes=\"(max-width: 300px) 100vw, 300px\" \/><figcaption id=\"caption-attachment-1556\" class=\"wp-caption-text\"><span style=\"font-size: 8pt; color: #999999;\"><em><strong>Show da banda Viva It\u00e1lia em Santa Rita, durante o Festival de Tradi\u00e7\u00f5es Italianas de 2018, na pra\u00e7a M\u00e1rio Mattoso (Arquivo\/AssCom\/Divulga\u00e7\u00e3o)<\/strong><\/em><\/span><\/figcaption><\/figure>\n<p>O resgate da cultura italiana em Santa Rita do Passa Quatro ser\u00e1 celebrado mais uma vez com a realiza\u00e7\u00e3o do 27\u00ba Festival de Tradi\u00e7\u00f5es Italianas.\u00a0 O evento j\u00e1 tem data para acontecer: dias 6, 7 e 8 de julho, na Pra\u00e7a Poeta M\u00e1rio Mattoso.<\/p>\n<p>O Departamento Municipal de Cultura e Turismo, em conjunto com as entidades participantes, j\u00e1 definiram atra\u00e7\u00f5es musicais e detalhes sobre a montagem do evento, card\u00e1pio das barracas, entre outros.<\/p>\n<p>A abertura oficial acontece no dia 6 de julho, s\u00e1bado, \u00e0 partir das 19h30, com o Coral Professor Oct\u00e1vio Bueno de Camargo e Banda Zequinha de Abreu.<\/p>\n<p>A programa\u00e7\u00e3o musical ir\u00e1 contar com tr\u00eas bandas diferentes, que se destacam pelo repert\u00f3rio t\u00edpico italiano. Na primeira noite (6\/7), o show ser\u00e1 com a banda Via Roma, atra\u00e7\u00e3o do ano passado, volta ao palco da Esta\u00e7\u00e3o para mais uma noite memor\u00e1vel. No s\u00e1bado (7\/7), tem outra atra\u00e7\u00e3o j\u00e1 conhecida, com Ivano Italian\u00edssimo e abertura do Studio Arte &amp; Movimento. A festa termina no domingo (8\/7), com a banda Viva It\u00e1lia, mais uma conhecida do p\u00fablico. Todas as noites haver\u00e1 show de abertura, \u00e0 partir das 19h30.<\/p>\n<p>Toda a programa\u00e7\u00e3o foi definida em reuni\u00f5es preparat\u00f3rias para o evento. Na primeira, foi definida a data, que antecede o feriado de 9 de julho (quando comemora-se a Revolu\u00e7\u00e3o Constitucionalista de 1932), facilitando a vinda de turistas.<\/p>\n<p>Al\u00e9m das atra\u00e7\u00f5es musicais em sua programa\u00e7\u00e3o, com bandas consagradas no cen\u00e1rio nacional da m\u00fasica italiana e atra\u00e7\u00f5es locais, a Festa Italiana deste ano tamb\u00e9m dever\u00e1 contar com as entidades assistenciais que ir\u00e3o oferecer os mais variados pratos, num verdadeiro festival gastron\u00f4mico t\u00edpico.<\/p>\n<p>Lar Dom Luis Carbulotto, Recanto Juvenil Santa Rita (entidades do Instituto das Filhas de S\u00e3o Jos\u00e9), Lar S\u00e3o Vicente de Paula, Par\u00f3quia S\u00e3o Jos\u00e9 Oper\u00e1rio, Projeto Maria, Fundo Social de Solidariedade e Associa\u00e7\u00e3o Jequitib\u00e1 (CAIS-SR), ir\u00e3o oferecer uma grande variedade de pratos, entre doces e salgados, al\u00e9m do tradicional vinho.<\/p>\n<p>O Festival de Tradi\u00e7\u00f5es Italianas \u00e9 uma festa caracter\u00edstica do munic\u00edpio santa-ritense, pois homenageia os imigrantes europeus que aqui chegaram no s\u00e9culo passado e, com seu trabalho, colaboraram com o desenvolvimento e a cultura local.<\/p>\n<p><strong>\u00a0<\/strong><\/p>\n<p>&nbsp;<\/p>\n<p>&nbsp;<\/p>\n<p>&nbsp;<\/p>\n<p>&nbsp;<\/p>\n","protected":false},"excerpt":{"rendered":"<p>&nbsp; Evento acontece pr\u00f3ximo ao feriado de 9 de julho com objetivo de atrair turistas e homenagear o pa\u00eds que<\/p>\n","protected":false},"author":1,"featured_media":1557,"comment_status":"closed","ping_status":"open","sticky":false,"template":"","format":"standard","meta":{"footnotes":""},"categories":[46,60],"tags":[],"class_list":["post-1555","post","type-post","status-publish","format-standard","has-post-thumbnail","hentry","category-cultura","category-turismo"],"_links":{"self":[{"href":"https:\/\/www.santaritadopassaquatro.sp.gov.br\/portal\/wp-json\/wp\/v2\/posts\/1555","targetHints":{"allow":["GET"]}}],"collection":[{"href":"https:\/\/www.santaritadopassaquatro.sp.gov.br\/portal\/wp-json\/wp\/v2\/posts"}],"about":[{"href":"https:\/\/www.santaritadopassaquatro.sp.gov.br\/portal\/wp-json\/wp\/v2\/types\/post"}],"author":[{"embeddable":true,"href":"https:\/\/www.santaritadopassaquatro.sp.gov.br\/portal\/wp-json\/wp\/v2\/users\/1"}],"replies":[{"embeddable":true,"href":"https:\/\/www.santaritadopassaquatro.sp.gov.br\/portal\/wp-json\/wp\/v2\/comments?post=1555"}],"version-history":[{"count":0,"href":"https:\/\/www.santaritadopassaquatro.sp.gov.br\/portal\/wp-json\/wp\/v2\/posts\/1555\/revisions"}],"wp:featuredmedia":[{"embeddable":true,"href":"https:\/\/www.santaritadopassaquatro.sp.gov.br\/portal\/wp-json\/wp\/v2\/media\/1557"}],"wp:attachment":[{"href":"https:\/\/www.santaritadopassaquatro.sp.gov.br\/portal\/wp-json\/wp\/v2\/media?parent=1555"}],"wp:term":[{"taxonomy":"category","embeddable":true,"href":"https:\/\/www.santaritadopassaquatro.sp.gov.br\/portal\/wp-json\/wp\/v2\/categories?post=1555"},{"taxonomy":"post_tag","embeddable":true,"href":"https:\/\/www.santaritadopassaquatro.sp.gov.br\/portal\/wp-json\/wp\/v2\/tags?post=1555"}],"curies":[{"name":"wp","href":"https:\/\/api.w.org\/{rel}","templated":true}]}}