{"id":1559,"date":"2019-06-07T14:47:19","date_gmt":"2019-06-07T17:47:19","guid":{"rendered":"http:\/\/www.santaritadopassaquatro.sp.gov.br\/portal\/?p=1559"},"modified":"2019-06-07T14:47:19","modified_gmt":"2019-06-07T17:47:19","slug":"banda-zequinha-de-abreu-e-atracao-de-mais-uma-noite-musical","status":"publish","type":"post","link":"https:\/\/www.santaritadopassaquatro.sp.gov.br\/portal\/banda-zequinha-de-abreu-e-atracao-de-mais-uma-noite-musical\/","title":{"rendered":"Banda Zequinha de Abreu \u00e9 atra\u00e7\u00e3o de mais uma noite musical"},"content":{"rendered":"<p><strong><em>Programa\u00e7\u00e3o do Departamento Municipal de Cultura e Turismo evento traz tamb\u00e9m o Coral Octavio Bueno de Camargo<\/em><\/strong><\/p>\n<p><strong><em>\u00a0<\/em><\/strong><\/p>\n<p><img decoding=\"async\" class=\"alignnone size-medium wp-image-1560 alignleft\" src=\"http:\/\/www.santaritadopassaquatro.sp.gov.br\/portal\/wp-content\/uploads\/2019\/06\/Banda-Zequinha-Abreu-300x200.jpg\" alt=\"\" width=\"300\" height=\"200\" srcset=\"https:\/\/www.santaritadopassaquatro.sp.gov.br\/portal\/wp-content\/uploads\/2019\/06\/Banda-Zequinha-Abreu-300x200.jpg 300w, https:\/\/www.santaritadopassaquatro.sp.gov.br\/portal\/wp-content\/uploads\/2019\/06\/Banda-Zequinha-Abreu-768x511.jpg 768w, https:\/\/www.santaritadopassaquatro.sp.gov.br\/portal\/wp-content\/uploads\/2019\/06\/Banda-Zequinha-Abreu-1024x681.jpg 1024w, https:\/\/www.santaritadopassaquatro.sp.gov.br\/portal\/wp-content\/uploads\/2019\/06\/Banda-Zequinha-Abreu.jpg 1936w\" sizes=\"(max-width: 300px) 100vw, 300px\" \/>Com atra\u00e7\u00f5es todo fim de semana, Santa Rita do Passa Quatro est\u00e1 repleta de cultura no m\u00eas de junho, promovidas pelo Departamento de Cultura e Turismo da Prefeitura Municipal.<\/p>\n<p>No pr\u00f3ximo s\u00e1bado (15\/6) acontece a Noite Musical, com a Banda Zequinha de Abreu e Coral Professor Octavio Bueno de Camargo se apresentando na Concha Ac\u00fastica da Pra\u00e7a Zequinha De Abreu (Matriz), \u00e0 partir das 19h30.<\/p>\n<p>Sob reg\u00eancia do maestro Marcel Villa, banda e coral prometem uma noite de cl\u00e1ssicos de diversos estilos, que fazem parte do seu repert\u00f3rio ao longo dos anos.<\/p>\n<p><strong><em>\u00a0<\/em><\/strong><\/p>\n<p>&nbsp;<\/p>\n","protected":false},"excerpt":{"rendered":"<p>Programa\u00e7\u00e3o do Departamento Municipal de Cultura e Turismo evento traz tamb\u00e9m o Coral Octavio Bueno de Camargo \u00a0 Com atra\u00e7\u00f5es<\/p>\n","protected":false},"author":1,"featured_media":1560,"comment_status":"closed","ping_status":"open","sticky":false,"template":"","format":"standard","meta":{"footnotes":""},"categories":[46],"tags":[],"class_list":["post-1559","post","type-post","status-publish","format-standard","has-post-thumbnail","hentry","category-cultura"],"_links":{"self":[{"href":"https:\/\/www.santaritadopassaquatro.sp.gov.br\/portal\/wp-json\/wp\/v2\/posts\/1559","targetHints":{"allow":["GET"]}}],"collection":[{"href":"https:\/\/www.santaritadopassaquatro.sp.gov.br\/portal\/wp-json\/wp\/v2\/posts"}],"about":[{"href":"https:\/\/www.santaritadopassaquatro.sp.gov.br\/portal\/wp-json\/wp\/v2\/types\/post"}],"author":[{"embeddable":true,"href":"https:\/\/www.santaritadopassaquatro.sp.gov.br\/portal\/wp-json\/wp\/v2\/users\/1"}],"replies":[{"embeddable":true,"href":"https:\/\/www.santaritadopassaquatro.sp.gov.br\/portal\/wp-json\/wp\/v2\/comments?post=1559"}],"version-history":[{"count":0,"href":"https:\/\/www.santaritadopassaquatro.sp.gov.br\/portal\/wp-json\/wp\/v2\/posts\/1559\/revisions"}],"wp:featuredmedia":[{"embeddable":true,"href":"https:\/\/www.santaritadopassaquatro.sp.gov.br\/portal\/wp-json\/wp\/v2\/media\/1560"}],"wp:attachment":[{"href":"https:\/\/www.santaritadopassaquatro.sp.gov.br\/portal\/wp-json\/wp\/v2\/media?parent=1559"}],"wp:term":[{"taxonomy":"category","embeddable":true,"href":"https:\/\/www.santaritadopassaquatro.sp.gov.br\/portal\/wp-json\/wp\/v2\/categories?post=1559"},{"taxonomy":"post_tag","embeddable":true,"href":"https:\/\/www.santaritadopassaquatro.sp.gov.br\/portal\/wp-json\/wp\/v2\/tags?post=1559"}],"curies":[{"name":"wp","href":"https:\/\/api.w.org\/{rel}","templated":true}]}}