{"id":1566,"date":"2019-06-07T14:57:00","date_gmt":"2019-06-07T17:57:00","guid":{"rendered":"http:\/\/www.santaritadopassaquatro.sp.gov.br\/portal\/?p=1566"},"modified":"2019-06-07T15:30:23","modified_gmt":"2019-06-07T18:30:23","slug":"mundo-das-aguas-cinema-desperta-consciencia-sustentavel-para-estudantes-da-rede-municipal","status":"publish","type":"post","link":"https:\/\/www.santaritadopassaquatro.sp.gov.br\/portal\/mundo-das-aguas-cinema-desperta-consciencia-sustentavel-para-estudantes-da-rede-municipal\/","title":{"rendered":"MUNDO DAS \u00c1GUAS:\u00a0Cinema desperta consci\u00eancia sustent\u00e1vel para estudantes da rede municipal"},"content":{"rendered":"<p><strong><em>Parceria entre Departamento Municipal de Educa\u00e7\u00e3o e Comasa aconteceu na \u00faltima quarta-feira, Dia Mundial do Meio Ambiente<\/em><\/strong><\/p>\n<p>&nbsp;<\/p>\n<p><img decoding=\"async\" class=\"alignnone size-medium wp-image-1568 alignleft\" src=\"http:\/\/www.santaritadopassaquatro.sp.gov.br\/portal\/wp-content\/uploads\/2019\/06\/educacao_filme-300x200.jpg\" alt=\"\" width=\"300\" height=\"200\" srcset=\"https:\/\/www.santaritadopassaquatro.sp.gov.br\/portal\/wp-content\/uploads\/2019\/06\/educacao_filme-300x200.jpg 300w, https:\/\/www.santaritadopassaquatro.sp.gov.br\/portal\/wp-content\/uploads\/2019\/06\/educacao_filme-768x512.jpg 768w, https:\/\/www.santaritadopassaquatro.sp.gov.br\/portal\/wp-content\/uploads\/2019\/06\/educacao_filme-1024x683.jpg 1024w\" sizes=\"(max-width: 300px) 100vw, 300px\" \/>No Dia Mundial do Meio Ambiente, alunos da EMEF Francisco Ribeiro, EMEF Madre Carmelita e AMEF CAIC, de munic\u00edpio de Santa Rita do Passa Quatro, tiveram oportunidade de assistir ao curta-metragem \u201cMundo das \u00c1guas\u201d. Promovida na Quadra Municipal Oscar de Oliveira Alves, a a\u00e7\u00e3o teve como objetivo de conscientizar o p\u00fablico sobre a import\u00e2ncia da preserva\u00e7\u00e3o do meio ambiente.<\/p>\n<p>A a\u00e7\u00e3o contou com a parceria da Comasa (Companhia \u00c1guas de Santa Rita) e o filme foi produzido pela NOD3, focando nos impactos da polui\u00e7\u00e3o no sistema fluvial. O \u201cMundo das \u00c1guas\u201d consiste na hist\u00f3ria do peixe Guga que convida o espectador a visitar a casa dele no fundo do rio, mas ao chegar ao local, o personagem percebe que seu habitat foi invadido por garrafas pl\u00e1sticas, cer\u00e2micas, pneus, entre outros tipos de lixos.<\/p>\n<p>Exibido para cerca de 1.190 mil alunos munic\u00edpio, o curta-metragem com aproximadamente 8 minutos de dura\u00e7\u00e3o envolve o espectador com a tecnologia audiovisual 4D, permitindo que a crian\u00e7a se transporte para o cen\u00e1rio em que se passa a hist\u00f3ria e sinta a problem\u00e1tica abordada pelo filme.<\/p>\n<p>&nbsp;<\/p>\n<p>&nbsp;<\/p>\n<p>&nbsp;<\/p>\n<p>&nbsp;<\/p>\n<p>&nbsp;<\/p>\n<p>&nbsp;<\/p>\n","protected":false},"excerpt":{"rendered":"<p>Parceria entre Departamento Municipal de Educa\u00e7\u00e3o e Comasa aconteceu na \u00faltima quarta-feira, Dia Mundial do Meio Ambiente &nbsp; No Dia<\/p>\n","protected":false},"author":1,"featured_media":1567,"comment_status":"closed","ping_status":"open","sticky":false,"template":"","format":"standard","meta":{"footnotes":""},"categories":[48,28,53],"tags":[],"class_list":["post-1566","post","type-post","status-publish","format-standard","has-post-thumbnail","hentry","category-featured","category-educacao","category-meio-ambiente"],"_links":{"self":[{"href":"https:\/\/www.santaritadopassaquatro.sp.gov.br\/portal\/wp-json\/wp\/v2\/posts\/1566","targetHints":{"allow":["GET"]}}],"collection":[{"href":"https:\/\/www.santaritadopassaquatro.sp.gov.br\/portal\/wp-json\/wp\/v2\/posts"}],"about":[{"href":"https:\/\/www.santaritadopassaquatro.sp.gov.br\/portal\/wp-json\/wp\/v2\/types\/post"}],"author":[{"embeddable":true,"href":"https:\/\/www.santaritadopassaquatro.sp.gov.br\/portal\/wp-json\/wp\/v2\/users\/1"}],"replies":[{"embeddable":true,"href":"https:\/\/www.santaritadopassaquatro.sp.gov.br\/portal\/wp-json\/wp\/v2\/comments?post=1566"}],"version-history":[{"count":1,"href":"https:\/\/www.santaritadopassaquatro.sp.gov.br\/portal\/wp-json\/wp\/v2\/posts\/1566\/revisions"}],"predecessor-version":[{"id":1569,"href":"https:\/\/www.santaritadopassaquatro.sp.gov.br\/portal\/wp-json\/wp\/v2\/posts\/1566\/revisions\/1569"}],"wp:featuredmedia":[{"embeddable":true,"href":"https:\/\/www.santaritadopassaquatro.sp.gov.br\/portal\/wp-json\/wp\/v2\/media\/1567"}],"wp:attachment":[{"href":"https:\/\/www.santaritadopassaquatro.sp.gov.br\/portal\/wp-json\/wp\/v2\/media?parent=1566"}],"wp:term":[{"taxonomy":"category","embeddable":true,"href":"https:\/\/www.santaritadopassaquatro.sp.gov.br\/portal\/wp-json\/wp\/v2\/categories?post=1566"},{"taxonomy":"post_tag","embeddable":true,"href":"https:\/\/www.santaritadopassaquatro.sp.gov.br\/portal\/wp-json\/wp\/v2\/tags?post=1566"}],"curies":[{"name":"wp","href":"https:\/\/api.w.org\/{rel}","templated":true}]}}