{"id":1570,"date":"2019-06-07T15:00:20","date_gmt":"2019-06-07T18:00:20","guid":{"rendered":"http:\/\/www.santaritadopassaquatro.sp.gov.br\/portal\/?p=1570"},"modified":"2019-06-07T15:00:20","modified_gmt":"2019-06-07T18:00:20","slug":"departamento-de-educacao-abre-processo-seletivo-par-assistente-de-educacao","status":"publish","type":"post","link":"https:\/\/www.santaritadopassaquatro.sp.gov.br\/portal\/departamento-de-educacao-abre-processo-seletivo-par-assistente-de-educacao\/","title":{"rendered":"Departamento de Educa\u00e7\u00e3o abre processo seletivo par assistente de educa\u00e7\u00e3o"},"content":{"rendered":"<p><strong><em>Edital completo est\u00e1 dispon\u00edvel no site da Prefeitura e Di\u00e1rio Oficial Eletr\u00f4nico<\/em><\/strong><\/p>\n<p>&nbsp;<\/p>\n<p>A Prefeitura Municipal de Santa Rita do Passa Quatro, atrav\u00e9s do seu Departamento de Educa\u00e7\u00e3o, est\u00e1 abrindo inscri\u00e7\u00f5es para o Processo Seletivo Simplificado para Assistentes de Alfabetiza\u00e7\u00e3o Volunt\u00e1ria das turmas do primeiro e segundo ano do Ensino Fundamental &#8211; Ciclo I &#8211; nas escolas da Rede Municipal de Ensino referente ao Programa Mais Alfabetiza\u00e7\u00e3o, institu\u00eddo pela Portaria\/MEC n\u00ba142 de 22 de fevereiro de 2018, Of\u00edcio Circular n\u00ba 5\/2019\/COEF\/DICEI\/SEB\/SEB-MEC, do Minist\u00e9rio da Educa\u00e7\u00e3o.<\/p>\n<p>O Edital completo est\u00e1 dispon\u00edvel no site da <a href=\"http:\/\/www.santaritadopassaquatro.sp.gov.br\">Prefeitura Municipal<\/a>\u00a0 e no <a href=\"https:\/\/imprensaoficialmunicipal.com.br\/santa_rita_do_passa_quatro\">Di\u00e1rio Oficial Eletr\u00f4nico do Munic\u00edpio<\/a>, edi\u00e7\u00e3o n\u00ba 154.\u00a0 As inscri\u00e7\u00f5es devem ser feitas no Departamento Municipal de Educa\u00e7\u00e3o, com entrega de documentos, de segunda a quarta-feira (10 a 12\/6).<\/p>\n<p>&nbsp;<\/p>\n<p>&nbsp;<\/p>\n<p>&nbsp;<\/p>\n<p>&nbsp;<\/p>\n<p>&nbsp;<\/p>\n","protected":false},"excerpt":{"rendered":"<p>Edital completo est\u00e1 dispon\u00edvel no site da Prefeitura e Di\u00e1rio Oficial Eletr\u00f4nico &nbsp; A Prefeitura Municipal de Santa Rita do<\/p>\n","protected":false},"author":1,"featured_media":1571,"comment_status":"closed","ping_status":"open","sticky":false,"template":"","format":"standard","meta":{"footnotes":""},"categories":[28,52,56],"tags":[],"class_list":["post-1570","post","type-post","status-publish","format-standard","has-post-thumbnail","hentry","category-educacao","category-latest","category-oportunidade"],"_links":{"self":[{"href":"https:\/\/www.santaritadopassaquatro.sp.gov.br\/portal\/wp-json\/wp\/v2\/posts\/1570","targetHints":{"allow":["GET"]}}],"collection":[{"href":"https:\/\/www.santaritadopassaquatro.sp.gov.br\/portal\/wp-json\/wp\/v2\/posts"}],"about":[{"href":"https:\/\/www.santaritadopassaquatro.sp.gov.br\/portal\/wp-json\/wp\/v2\/types\/post"}],"author":[{"embeddable":true,"href":"https:\/\/www.santaritadopassaquatro.sp.gov.br\/portal\/wp-json\/wp\/v2\/users\/1"}],"replies":[{"embeddable":true,"href":"https:\/\/www.santaritadopassaquatro.sp.gov.br\/portal\/wp-json\/wp\/v2\/comments?post=1570"}],"version-history":[{"count":1,"href":"https:\/\/www.santaritadopassaquatro.sp.gov.br\/portal\/wp-json\/wp\/v2\/posts\/1570\/revisions"}],"predecessor-version":[{"id":1572,"href":"https:\/\/www.santaritadopassaquatro.sp.gov.br\/portal\/wp-json\/wp\/v2\/posts\/1570\/revisions\/1572"}],"wp:featuredmedia":[{"embeddable":true,"href":"https:\/\/www.santaritadopassaquatro.sp.gov.br\/portal\/wp-json\/wp\/v2\/media\/1571"}],"wp:attachment":[{"href":"https:\/\/www.santaritadopassaquatro.sp.gov.br\/portal\/wp-json\/wp\/v2\/media?parent=1570"}],"wp:term":[{"taxonomy":"category","embeddable":true,"href":"https:\/\/www.santaritadopassaquatro.sp.gov.br\/portal\/wp-json\/wp\/v2\/categories?post=1570"},{"taxonomy":"post_tag","embeddable":true,"href":"https:\/\/www.santaritadopassaquatro.sp.gov.br\/portal\/wp-json\/wp\/v2\/tags?post=1570"}],"curies":[{"name":"wp","href":"https:\/\/api.w.org\/{rel}","templated":true}]}}