{"id":1575,"date":"2019-06-07T15:05:24","date_gmt":"2019-06-07T18:05:24","guid":{"rendered":"http:\/\/www.santaritadopassaquatro.sp.gov.br\/portal\/?p=1575"},"modified":"2019-06-07T15:05:24","modified_gmt":"2019-06-07T18:05:24","slug":"jardim-nova-santa-rita-ganha-cci-com-reinauguracao-do-centro-comunitario","status":"publish","type":"post","link":"https:\/\/www.santaritadopassaquatro.sp.gov.br\/portal\/jardim-nova-santa-rita-ganha-cci-com-reinauguracao-do-centro-comunitario\/","title":{"rendered":"Jardim Nova Santa Rita ganha CCI com reinaugura\u00e7\u00e3o do Centro Comunit\u00e1rio"},"content":{"rendered":"<p><strong><em>Local foi totalmente reformado pela Prefeitura e ir\u00e1 abrigar atividades para a \u201cmelhor idade\u201d promovidas pela Departamento de Assist\u00eancia Social <\/em><\/strong><\/p>\n<p>&nbsp;<\/p>\n<p><img decoding=\"async\" class=\"alignnone size-medium wp-image-1576 alignleft\" src=\"http:\/\/www.santaritadopassaquatro.sp.gov.br\/portal\/wp-content\/uploads\/2019\/06\/Ianaugurcao_CCI-300x200.jpg\" alt=\"\" width=\"300\" height=\"200\" srcset=\"https:\/\/www.santaritadopassaquatro.sp.gov.br\/portal\/wp-content\/uploads\/2019\/06\/Ianaugurcao_CCI-300x200.jpg 300w, https:\/\/www.santaritadopassaquatro.sp.gov.br\/portal\/wp-content\/uploads\/2019\/06\/Ianaugurcao_CCI-768x512.jpg 768w, https:\/\/www.santaritadopassaquatro.sp.gov.br\/portal\/wp-content\/uploads\/2019\/06\/Ianaugurcao_CCI-1024x683.jpg 1024w\" sizes=\"(max-width: 300px) 100vw, 300px\" \/>A \u201cmelhor idade\u201d de Santa Rita do Passa Quatro ganhou mais um espa\u00e7o para atividades. No \u00faltimo dia 31 de maio, sexta-feira, a Prefeitura Municipal entregou \u00e0 popula\u00e7\u00e3o a reforma do Centro Comunit\u00e1rio do Jardim Nova Santa Rita (Serra), que passa a abrigar mais um CCI (Centro de Conviv\u00eancia do Idoso).<\/p>\n<p>A solenidade contou com a presen\u00e7a do prefeito Leandro Luciano dos Santos, da vice-prefeita Maria Rita Mondim de Oliveira, que tamb\u00e9m est\u00e1 respondendo como diretora do Departamento de Assist\u00eancia Social, dos vereadores Lucas Comin Loureiro, Paulo Linares, Luiz Carlos Bariotto, Hermelinda Rani e Kleber Borotto, al\u00e9m de diretores municipais e a participa\u00e7\u00e3o de representantes da \u201cmelhor idade\u201d.<\/p>\n<p>Assistente social de profiss\u00e3o, a vice-prefeita falou da import\u00e2ncia do trabalho junto \u00e0 \u201cmelhor idade\u201d e do orgulho de fazer parte de um governo realmente comprometido com a popula\u00e7\u00e3o. Em seu discurso o prefeito valorizou o trabalho de todos os setores da prefeitura, com o envolvimento de todos os departamentos e setores para mais esta conquista. \u201cInvestimento realizado em prol da popula\u00e7\u00e3o, especialmente para a Melhor Idade\u201d, disse o prefeito. \u201cO local \u00e9 totalmente acess\u00edvel e sempre pensando no bem estar de todos\u201d, comletou.<\/p>\n<p>Os CCIs s\u00e3o coordenados pelo Departamento Municipal de Assist\u00eancia e Social e oferecem atividades diversas a popula\u00e7\u00e3o da chamada \u201cMelhor Idade\u201d, com recrea\u00e7\u00e3o, eventos comemorativos, como Natal, Pascoa, Dias das M\u00e3es, Dia dos Pais, entre outros.<\/p>\n<p><strong>\u00a0<\/strong><\/p>\n<p>&nbsp;<\/p>\n<p>&nbsp;<\/p>\n","protected":false},"excerpt":{"rendered":"<p>Local foi totalmente reformado pela Prefeitura e ir\u00e1 abrigar atividades para a \u201cmelhor idade\u201d promovidas pela Departamento de Assist\u00eancia Social<\/p>\n","protected":false},"author":1,"featured_media":1576,"comment_status":"closed","ping_status":"open","sticky":false,"template":"","format":"standard","meta":{"footnotes":""},"categories":[43,44,52],"tags":[],"class_list":["post-1575","post","type-post","status-publish","format-standard","has-post-thumbnail","hentry","category-assistenciasocial","category-cidades","category-latest"],"_links":{"self":[{"href":"https:\/\/www.santaritadopassaquatro.sp.gov.br\/portal\/wp-json\/wp\/v2\/posts\/1575","targetHints":{"allow":["GET"]}}],"collection":[{"href":"https:\/\/www.santaritadopassaquatro.sp.gov.br\/portal\/wp-json\/wp\/v2\/posts"}],"about":[{"href":"https:\/\/www.santaritadopassaquatro.sp.gov.br\/portal\/wp-json\/wp\/v2\/types\/post"}],"author":[{"embeddable":true,"href":"https:\/\/www.santaritadopassaquatro.sp.gov.br\/portal\/wp-json\/wp\/v2\/users\/1"}],"replies":[{"embeddable":true,"href":"https:\/\/www.santaritadopassaquatro.sp.gov.br\/portal\/wp-json\/wp\/v2\/comments?post=1575"}],"version-history":[{"count":0,"href":"https:\/\/www.santaritadopassaquatro.sp.gov.br\/portal\/wp-json\/wp\/v2\/posts\/1575\/revisions"}],"wp:featuredmedia":[{"embeddable":true,"href":"https:\/\/www.santaritadopassaquatro.sp.gov.br\/portal\/wp-json\/wp\/v2\/media\/1576"}],"wp:attachment":[{"href":"https:\/\/www.santaritadopassaquatro.sp.gov.br\/portal\/wp-json\/wp\/v2\/media?parent=1575"}],"wp:term":[{"taxonomy":"category","embeddable":true,"href":"https:\/\/www.santaritadopassaquatro.sp.gov.br\/portal\/wp-json\/wp\/v2\/categories?post=1575"},{"taxonomy":"post_tag","embeddable":true,"href":"https:\/\/www.santaritadopassaquatro.sp.gov.br\/portal\/wp-json\/wp\/v2\/tags?post=1575"}],"curies":[{"name":"wp","href":"https:\/\/api.w.org\/{rel}","templated":true}]}}