{"id":1579,"date":"2019-06-07T15:07:23","date_gmt":"2019-06-07T18:07:23","guid":{"rendered":"http:\/\/www.santaritadopassaquatro.sp.gov.br\/portal\/?p=1579"},"modified":"2019-06-07T15:07:23","modified_gmt":"2019-06-07T18:07:23","slug":"santa-rita-recebe-nova-ambulancia-do-samu","status":"publish","type":"post","link":"https:\/\/www.santaritadopassaquatro.sp.gov.br\/portal\/santa-rita-recebe-nova-ambulancia-do-samu\/","title":{"rendered":"Santa Rita recebe nova ambul\u00e2ncia do SAMU"},"content":{"rendered":"<p><strong><em>Em maio, servi\u00e7o completou 6 anos em Santa Rita; ambul\u00e2ncia anterior ser\u00e1 utilizada pelo Departamento Municipal de Sa\u00fade<\/em><\/strong><\/p>\n<p>&nbsp;<\/p>\n<p><img decoding=\"async\" class=\"alignnone size-medium wp-image-1581 alignleft\" src=\"http:\/\/www.santaritadopassaquatro.sp.gov.br\/portal\/wp-content\/uploads\/2019\/06\/ambulancia_samu-300x200.jpg\" alt=\"\" width=\"300\" height=\"200\" srcset=\"https:\/\/www.santaritadopassaquatro.sp.gov.br\/portal\/wp-content\/uploads\/2019\/06\/ambulancia_samu-300x200.jpg 300w, https:\/\/www.santaritadopassaquatro.sp.gov.br\/portal\/wp-content\/uploads\/2019\/06\/ambulancia_samu-768x512.jpg 768w, https:\/\/www.santaritadopassaquatro.sp.gov.br\/portal\/wp-content\/uploads\/2019\/06\/ambulancia_samu-1024x683.jpg 1024w\" sizes=\"(max-width: 300px) 100vw, 300px\" \/>Santa Rita do Passa Quatro recebeu esta semana do Governo Federal uma nova ambul\u00e2ncia para nosso SAMU (Servi\u00e7o de Atendimento M\u00f3vel de Urg\u00eancia). O ve\u00edculo Mercedes Benz, modelo Sprinter, foi apresentado ao prefeito na tarde desta ter\u00e7a-feira (4\/6) e agora ir\u00e1 receber documenta\u00e7\u00e3o e seguro para come\u00e7ar a atender a popula\u00e7\u00e3o.<\/p>\n<p>A nova ambul\u00e2ncia substitui a anterior, que est\u00e1 me servi\u00e7o desde a implanta\u00e7\u00e3o do servi\u00e7o em 2013. O ve\u00edculo anterior, ainda em bom estado de conserva\u00e7\u00e3o, ser\u00e1 transferido para o Departamento Municipal de Sa\u00fade, para rotina de atendimento \u00e0 popula\u00e7\u00e3o.<\/p>\n<p>Inaugurado no dia 18 de maio de 2013, o SAMU de Santa Rita do Passa Quatro j\u00e1 completou seis anos de atendimentos \u00e0 popula\u00e7\u00e3o. Para solicitar pelo seu atendimento bastar ligar 192 (liga\u00e7\u00e3o gratuita).<\/p>\n<p>O SAMU deve ser acionado nos seguintes casos: acidentes e traumas com v\u00edtimas; choque el\u00e9trico; falta de ar intensa; suspeita de infarto ou AVC (altera\u00e7\u00e3o s\u00fabita na fala, perda de for\u00e7a em um lado do corpo e desvio da comissura labial s\u00e3o os sintomas mais comuns); afogamentos e engasgo; intoxica\u00e7\u00e3o ou queimaduras graves; trabalhos de parto em que haja risco de morte para a m\u00e3e e para o feto; tentativas de suic\u00eddio; urg\u00eancias psiqui\u00e1tricas; v\u00edtima inconsciente; em casos de intoxica\u00e7\u00e3o ex\u00f3gena ou envenenamento; na ocorr\u00eancia de maus tratos; crises hipertensivas; dores no peito de aparecimento s\u00fabito; acidentes com produtos perigosos; agress\u00e3o por arma de fogo ou arma branca; soterramento, desabamento; crises convulsivas; na transfer\u00eancia interhospitalar de doentes graves; outras situa\u00e7\u00f5es consideradas de urg\u00eancia ou emerg\u00eancia, com risco de morte, sequela ou sofrimento intenso.<\/p>\n<p>Os atendimentos podem ocorrer em resid\u00eancias, vias p\u00fablicas, rodovias e estradas vicinais, estabelecimentos comerciais e escolas. O SAMU conta com profissionais, coo t\u00e9cnicos em enfermagem (socorristas), motoristas com curso de primeiros socorros e uma enfermeira especializada em estabiliza\u00e7\u00e3o.<\/p>\n<p><strong>\u00a0<\/strong><\/p>\n<p><strong>NOVAS AMBUL\u00c2NCIAS <\/strong><\/p>\n<p>Em maio, a prefeitura tamb\u00e9m adquiriu mais uma ambul\u00e2ncia nova, no valor de cerca de R$ 100 mil. O ve\u00edculo Peugeot foi adquirido com recursos da Secretaria de Sa\u00fade do Estado de S\u00e3o Paulo. Ao todo, nos \u00faltimo anos foram adquiridas 8 novas ambul\u00e2ncias conquistadas. \u201cSa\u00fade P\u00fablica est\u00e1 e sempre estar\u00e1 entre nossa prioridades\u201d, disse o prefeito.<\/p>\n<p>&nbsp;<\/p>\n<p>&nbsp;<\/p>\n<p>&nbsp;<\/p>\n<p>&nbsp;<\/p>\n<p>&nbsp;<\/p>\n<p>&nbsp;<\/p>\n","protected":false},"excerpt":{"rendered":"<p>Em maio, servi\u00e7o completou 6 anos em Santa Rita; ambul\u00e2ncia anterior ser\u00e1 utilizada pelo Departamento Municipal de Sa\u00fade &nbsp; Santa<\/p>\n","protected":false},"author":1,"featured_media":1580,"comment_status":"closed","ping_status":"open","sticky":false,"template":"","format":"standard","meta":{"footnotes":""},"categories":[44,52,58],"tags":[],"class_list":["post-1579","post","type-post","status-publish","format-standard","has-post-thumbnail","hentry","category-cidades","category-latest","category-health"],"_links":{"self":[{"href":"https:\/\/www.santaritadopassaquatro.sp.gov.br\/portal\/wp-json\/wp\/v2\/posts\/1579","targetHints":{"allow":["GET"]}}],"collection":[{"href":"https:\/\/www.santaritadopassaquatro.sp.gov.br\/portal\/wp-json\/wp\/v2\/posts"}],"about":[{"href":"https:\/\/www.santaritadopassaquatro.sp.gov.br\/portal\/wp-json\/wp\/v2\/types\/post"}],"author":[{"embeddable":true,"href":"https:\/\/www.santaritadopassaquatro.sp.gov.br\/portal\/wp-json\/wp\/v2\/users\/1"}],"replies":[{"embeddable":true,"href":"https:\/\/www.santaritadopassaquatro.sp.gov.br\/portal\/wp-json\/wp\/v2\/comments?post=1579"}],"version-history":[{"count":0,"href":"https:\/\/www.santaritadopassaquatro.sp.gov.br\/portal\/wp-json\/wp\/v2\/posts\/1579\/revisions"}],"wp:featuredmedia":[{"embeddable":true,"href":"https:\/\/www.santaritadopassaquatro.sp.gov.br\/portal\/wp-json\/wp\/v2\/media\/1580"}],"wp:attachment":[{"href":"https:\/\/www.santaritadopassaquatro.sp.gov.br\/portal\/wp-json\/wp\/v2\/media?parent=1579"}],"wp:term":[{"taxonomy":"category","embeddable":true,"href":"https:\/\/www.santaritadopassaquatro.sp.gov.br\/portal\/wp-json\/wp\/v2\/categories?post=1579"},{"taxonomy":"post_tag","embeddable":true,"href":"https:\/\/www.santaritadopassaquatro.sp.gov.br\/portal\/wp-json\/wp\/v2\/tags?post=1579"}],"curies":[{"name":"wp","href":"https:\/\/api.w.org\/{rel}","templated":true}]}}