{"id":1598,"date":"2019-06-14T09:57:47","date_gmt":"2019-06-14T12:57:47","guid":{"rendered":"http:\/\/www.santaritadopassaquatro.sp.gov.br\/portal\/?p=1598"},"modified":"2019-06-14T09:57:47","modified_gmt":"2019-06-14T12:57:47","slug":"santa-rita-participa-dos-jogos-ferreirenses-dos-idosos","status":"publish","type":"post","link":"https:\/\/www.santaritadopassaquatro.sp.gov.br\/portal\/santa-rita-participa-dos-jogos-ferreirenses-dos-idosos\/","title":{"rendered":"Santa Rita participa dos Jogos Ferreirenses dos Idosos"},"content":{"rendered":"<p><strong><em>Delega\u00e7\u00e3o do Departamento Municipal de Esportes ir\u00e1 competir em seis modalidades<\/em><\/strong><\/p>\n<p>&nbsp;<\/p>\n<figure id=\"attachment_1589\" aria-describedby=\"caption-attachment-1589\" style=\"width: 300px\" class=\"wp-caption alignleft\"><img decoding=\"async\" class=\"wp-image-1589 size-medium\" src=\"http:\/\/www.santaritadopassaquatro.sp.gov.br\/portal\/wp-content\/uploads\/2019\/06\/Jofi-300x225.jpg\" alt=\"\" width=\"300\" height=\"225\" srcset=\"https:\/\/www.santaritadopassaquatro.sp.gov.br\/portal\/wp-content\/uploads\/2019\/06\/Jofi-300x225.jpg 300w, https:\/\/www.santaritadopassaquatro.sp.gov.br\/portal\/wp-content\/uploads\/2019\/06\/Jofi.jpg 640w\" sizes=\"(max-width: 300px) 100vw, 300px\" \/><figcaption id=\"caption-attachment-1589\" class=\"wp-caption-text\"><span style=\"font-size: 8pt; color: #999999;\"><em><strong> Delega\u00e7\u00e3o da Melhora Idade de Santa Rita que disputou os Jogos Regionais do Idoso em 2018 (Arquivo\/Divulga\u00e7\u00e3o)<\/strong><\/em><\/span><\/figcaption><\/figure>\n<p>Atletas da Melhor Idade de Santa Rita do Passa Quatro estar\u00e3o entre os competidores dos Jogos Ferreirenses dos Idosos (JOFI), que acontece a partir desta sexta-feira (14\/6) at\u00e9 do domingo (16\/6), em Porto Ferreira.<\/p>\n<p>A delega\u00e7\u00e3o do Departamento Municipal de Esportes (DME) santa-ritense ir\u00e1 disputar as modalidades: bocha, buraco, domin\u00f3 e truco, nas categorias masculina, feminina e mista. Ao todo ser\u00e3o 18 atletas e mais quatro integrantes da Comiss\u00e3o T\u00e9cnica.<\/p>\n<p><strong>\u00a0<\/strong><\/p>\n<p>&nbsp;<\/p>\n","protected":false},"excerpt":{"rendered":"<p>Delega\u00e7\u00e3o do Departamento Municipal de Esportes ir\u00e1 competir em seis modalidades &nbsp; Atletas da Melhor Idade de Santa Rita do<\/p>\n","protected":false},"author":1,"featured_media":1589,"comment_status":"closed","ping_status":"open","sticky":false,"template":"","format":"standard","meta":{"footnotes":""},"categories":[48,51],"tags":[],"class_list":["post-1598","post","type-post","status-publish","format-standard","has-post-thumbnail","hentry","category-featured","category-sports"],"_links":{"self":[{"href":"https:\/\/www.santaritadopassaquatro.sp.gov.br\/portal\/wp-json\/wp\/v2\/posts\/1598","targetHints":{"allow":["GET"]}}],"collection":[{"href":"https:\/\/www.santaritadopassaquatro.sp.gov.br\/portal\/wp-json\/wp\/v2\/posts"}],"about":[{"href":"https:\/\/www.santaritadopassaquatro.sp.gov.br\/portal\/wp-json\/wp\/v2\/types\/post"}],"author":[{"embeddable":true,"href":"https:\/\/www.santaritadopassaquatro.sp.gov.br\/portal\/wp-json\/wp\/v2\/users\/1"}],"replies":[{"embeddable":true,"href":"https:\/\/www.santaritadopassaquatro.sp.gov.br\/portal\/wp-json\/wp\/v2\/comments?post=1598"}],"version-history":[{"count":0,"href":"https:\/\/www.santaritadopassaquatro.sp.gov.br\/portal\/wp-json\/wp\/v2\/posts\/1598\/revisions"}],"wp:featuredmedia":[{"embeddable":true,"href":"https:\/\/www.santaritadopassaquatro.sp.gov.br\/portal\/wp-json\/wp\/v2\/media\/1589"}],"wp:attachment":[{"href":"https:\/\/www.santaritadopassaquatro.sp.gov.br\/portal\/wp-json\/wp\/v2\/media?parent=1598"}],"wp:term":[{"taxonomy":"category","embeddable":true,"href":"https:\/\/www.santaritadopassaquatro.sp.gov.br\/portal\/wp-json\/wp\/v2\/categories?post=1598"},{"taxonomy":"post_tag","embeddable":true,"href":"https:\/\/www.santaritadopassaquatro.sp.gov.br\/portal\/wp-json\/wp\/v2\/tags?post=1598"}],"curies":[{"name":"wp","href":"https:\/\/api.w.org\/{rel}","templated":true}]}}