{"id":1600,"date":"2019-06-14T10:08:53","date_gmt":"2019-06-14T13:08:53","guid":{"rendered":"http:\/\/www.santaritadopassaquatro.sp.gov.br\/portal\/?p=1600"},"modified":"2019-06-14T10:08:53","modified_gmt":"2019-06-14T13:08:53","slug":"27o-festival-de-tradicoes-italianas-falta-menos-de-um-mes-para-o-evento-mais-esperado-da-regiao","status":"publish","type":"post","link":"https:\/\/www.santaritadopassaquatro.sp.gov.br\/portal\/27o-festival-de-tradicoes-italianas-falta-menos-de-um-mes-para-o-evento-mais-esperado-da-regiao\/","title":{"rendered":"27\u00ba FESTIVAL DE TRADI\u00c7\u00d5ES ITALIANAS &#8211;\u00a0Falta menos de um m\u00eas para o evento mais esperado da regi\u00e3o"},"content":{"rendered":"<p><strong><em>27\u00ba Festival de Tradi\u00e7\u00f5es Italianas antecede o feriado de 9 de julho com objetivo de atrair turistas e homenagear o pa\u00eds que mais trouxe imigrantes para a regi\u00e3o<\/em><\/strong><\/p>\n<p>&nbsp;<\/p>\n<figure id=\"attachment_1601\" aria-describedby=\"caption-attachment-1601\" style=\"width: 300px\" class=\"wp-caption alignleft\"><img decoding=\"async\" class=\"wp-image-1601 size-medium\" src=\"http:\/\/www.santaritadopassaquatro.sp.gov.br\/portal\/wp-content\/uploads\/2019\/06\/26a_Festa_italiana_foto08-1-300x200.jpg\" alt=\"\" width=\"300\" height=\"200\" srcset=\"https:\/\/www.santaritadopassaquatro.sp.gov.br\/portal\/wp-content\/uploads\/2019\/06\/26a_Festa_italiana_foto08-1-300x200.jpg 300w, https:\/\/www.santaritadopassaquatro.sp.gov.br\/portal\/wp-content\/uploads\/2019\/06\/26a_Festa_italiana_foto08-1-768x512.jpg 768w, https:\/\/www.santaritadopassaquatro.sp.gov.br\/portal\/wp-content\/uploads\/2019\/06\/26a_Festa_italiana_foto08-1-1024x683.jpg 1024w\" sizes=\"(max-width: 300px) 100vw, 300px\" \/><figcaption id=\"caption-attachment-1601\" class=\"wp-caption-text\"><span style=\"font-size: 8pt; color: #999999;\"><em><strong>P\u00fablico tomou conta da pra\u00e7a da Esta\u00e7\u00e3o durante o Festival de Tradi\u00e7\u00f5es Italianas de 2018 (Arquivo\/AssCom\/Divulga\u00e7\u00e3o)<\/strong><\/em><\/span><\/figcaption><\/figure>\n<p>Al\u00e9m de sua beleza natural, a est\u00e2ncia de Santa Rita do Passa Quatro \u00e9 tamb\u00e9m conhecida em toda regi\u00e3o por sua cultura, seja com a m\u00fasica de Zequinha de Abreu, ou pelas tradi\u00e7\u00f5es dos imigrantes que ajudaram a desenvolver o munic\u00edpio, especialmente vindos da It\u00e1lia. \u00c9 justamente o resgate desta cultura que ser\u00e1 celebrado mais uma vez com a realiza\u00e7\u00e3o do 27\u00ba Festival de Tradi\u00e7\u00f5es Italianas, que acontece nos dias 6, 7 e 8 de julho, na Pra\u00e7a Poeta M\u00e1rio Mattoso (Esta\u00e7\u00e3o).<\/p>\n<p>Promovido pelo Departamento de Cultura e Turismo da Prefeitura Municipal, coma participa\u00e7\u00e3o de entidades assistenciais do munic\u00edpio, o evento \u00e9 um dos mais aguardados pelo p\u00fablico da cidade e da regi\u00e3o.<\/p>\n<p>As atra\u00e7\u00f5es musicais e detalhes sobre a montagem do evento, card\u00e1pio das barracas, entre outros, j\u00e1 foram definidos. A abertura oficial acontece no dia 6 de julho, s\u00e1bado, \u00e0 partir das 19h30, com o Coral Professor Oct\u00e1vio Bueno de Camargo e Banda Zequinha de Abreu.<\/p>\n<p>A programa\u00e7\u00e3o musical ir\u00e1 contar com tr\u00eas bandas diferentes, que se destacam pelo repert\u00f3rio t\u00edpico italiano. Na primeira noite (6\/7), o show ser\u00e1 com a banda Via Roma, atra\u00e7\u00e3o do ano passado, volta ao palco da Esta\u00e7\u00e3o para mais uma noite memor\u00e1vel. No s\u00e1bado (7\/7), tem outra atra\u00e7\u00e3o j\u00e1 conhecida, com Ivano Italian\u00edssimo e abertura do Studio Arte &amp; Movimento. A festa termina no domingo (8\/7), com a banda Viva It\u00e1lia, mais uma conhecida do p\u00fablico. Todas as noites haver\u00e1 show de abertura, \u00e0 partir das 19h30.<\/p>\n<p>A data, que antecede o feriado de 9 de julho (quando comemora-se a Revolu\u00e7\u00e3o Constitucionalista de 1932), foi escolhida com objetivo de atrair turistas.<\/p>\n<p>Al\u00e9m das atra\u00e7\u00f5es musicais, a Festa Italiana deste ano tamb\u00e9m conta com os mais variados pratos, oferecidos pelas entidades, num verdadeiro festival gastron\u00f4mico t\u00edpico.<\/p>\n<p>Lar Dom Luis Carbulotto, Recanto Juvenil Santa Rita (entidades do Instituto das Filhas de S\u00e3o Jos\u00e9), Lar S\u00e3o Vicente de Paula, Par\u00f3quia S\u00e3o Jos\u00e9 Oper\u00e1rio, Projeto Maria, Fundo Social de Solidariedade e Associa\u00e7\u00e3o Jequitib\u00e1 (CAIS-SR), ir\u00e3o oferecer uma grande variedade de pratos, entre doces e salgados, al\u00e9m do tradicional vinho.<\/p>\n<p><strong>\u00a0<\/strong><\/p>\n<p>&nbsp;<\/p>\n<p>&nbsp;<\/p>\n<p>&nbsp;<\/p>\n","protected":false},"excerpt":{"rendered":"<p>27\u00ba Festival de Tradi\u00e7\u00f5es Italianas antecede o feriado de 9 de julho com objetivo de atrair turistas e homenagear o<\/p>\n","protected":false},"author":1,"featured_media":1601,"comment_status":"closed","ping_status":"open","sticky":false,"template":"","format":"standard","meta":{"footnotes":""},"categories":[46,60],"tags":[],"class_list":["post-1600","post","type-post","status-publish","format-standard","has-post-thumbnail","hentry","category-cultura","category-turismo"],"_links":{"self":[{"href":"https:\/\/www.santaritadopassaquatro.sp.gov.br\/portal\/wp-json\/wp\/v2\/posts\/1600","targetHints":{"allow":["GET"]}}],"collection":[{"href":"https:\/\/www.santaritadopassaquatro.sp.gov.br\/portal\/wp-json\/wp\/v2\/posts"}],"about":[{"href":"https:\/\/www.santaritadopassaquatro.sp.gov.br\/portal\/wp-json\/wp\/v2\/types\/post"}],"author":[{"embeddable":true,"href":"https:\/\/www.santaritadopassaquatro.sp.gov.br\/portal\/wp-json\/wp\/v2\/users\/1"}],"replies":[{"embeddable":true,"href":"https:\/\/www.santaritadopassaquatro.sp.gov.br\/portal\/wp-json\/wp\/v2\/comments?post=1600"}],"version-history":[{"count":0,"href":"https:\/\/www.santaritadopassaquatro.sp.gov.br\/portal\/wp-json\/wp\/v2\/posts\/1600\/revisions"}],"wp:featuredmedia":[{"embeddable":true,"href":"https:\/\/www.santaritadopassaquatro.sp.gov.br\/portal\/wp-json\/wp\/v2\/media\/1601"}],"wp:attachment":[{"href":"https:\/\/www.santaritadopassaquatro.sp.gov.br\/portal\/wp-json\/wp\/v2\/media?parent=1600"}],"wp:term":[{"taxonomy":"category","embeddable":true,"href":"https:\/\/www.santaritadopassaquatro.sp.gov.br\/portal\/wp-json\/wp\/v2\/categories?post=1600"},{"taxonomy":"post_tag","embeddable":true,"href":"https:\/\/www.santaritadopassaquatro.sp.gov.br\/portal\/wp-json\/wp\/v2\/tags?post=1600"}],"curies":[{"name":"wp","href":"https:\/\/api.w.org\/{rel}","templated":true}]}}