{"id":1608,"date":"2019-06-14T10:14:43","date_gmt":"2019-06-14T13:14:43","guid":{"rendered":"http:\/\/www.santaritadopassaquatro.sp.gov.br\/portal\/?p=1608"},"modified":"2019-06-14T10:14:43","modified_gmt":"2019-06-14T13:14:43","slug":"com-duas-semanas-de-antecedencia-peca-teatral-peter-pan-tem-ingressos-esgotados","status":"publish","type":"post","link":"https:\/\/www.santaritadopassaquatro.sp.gov.br\/portal\/com-duas-semanas-de-antecedencia-peca-teatral-peter-pan-tem-ingressos-esgotados\/","title":{"rendered":"Com duas semanas de anteced\u00eancia pe\u00e7a teatral Peter Pan tem ingressos esgotados"},"content":{"rendered":"<p><strong><em>Promovido pelo Departamento de Cultura, espet\u00e1culo ser\u00e1 encenado no Centro Cultural Mario Covas, no pr\u00f3ximo s\u00e1bado<\/em><\/strong><\/p>\n<p>&nbsp;<\/p>\n<figure id=\"attachment_1604\" aria-describedby=\"caption-attachment-1604\" style=\"width: 300px\" class=\"wp-caption alignleft\"><img decoding=\"async\" class=\"wp-image-1604 size-medium\" src=\"http:\/\/www.santaritadopassaquatro.sp.gov.br\/portal\/wp-content\/uploads\/2019\/06\/peter-pan-elenco-300x202.jpg\" alt=\"\" width=\"300\" height=\"202\" srcset=\"https:\/\/www.santaritadopassaquatro.sp.gov.br\/portal\/wp-content\/uploads\/2019\/06\/peter-pan-elenco-300x202.jpg 300w, https:\/\/www.santaritadopassaquatro.sp.gov.br\/portal\/wp-content\/uploads\/2019\/06\/peter-pan-elenco-768x517.jpg 768w, https:\/\/www.santaritadopassaquatro.sp.gov.br\/portal\/wp-content\/uploads\/2019\/06\/peter-pan-elenco-1024x689.jpg 1024w, https:\/\/www.santaritadopassaquatro.sp.gov.br\/portal\/wp-content\/uploads\/2019\/06\/peter-pan-elenco.jpg 1527w\" sizes=\"(max-width: 300px) 100vw, 300px\" \/><figcaption id=\"caption-attachment-1604\" class=\"wp-caption-text\"><span style=\"font-size: 8pt; color: #999999;\"><em><strong>Elenco de Peter Pan, do Espa\u00e7o N\u00facleo, que ser\u00e1 exibido em Santa Rita (Divulga\u00e7\u00e3o)<\/strong><\/em><\/span><\/figcaption><\/figure>\n<p>A procura foi grande e os ingressos para a pe\u00e7a teatral Peter Pan, do Espa\u00e7o N\u00facleo, em Santa Rita do Passa Quatro, est\u00e3o esgotados. Disponibilizados ao p\u00fablico online e gratuitamente pelo Departamento de Cultura da Prefeitura Municipal, que promove o evento, os ingressos se esgotaram rapidamente, com a grande procura do p\u00fablico.<\/p>\n<p>Um montagem do Espa\u00e7o N\u00facleo de Limeira, Peter Pan ser\u00e1 exibido no pr\u00f3ximo s\u00e1bado (22\/6), \u00e0s 19h30, no Centro Cultural M\u00e1rio Covas, e est\u00e1 entre as diversas atra\u00e7\u00f5es culturais de junho.<\/p>\n<p>A pe\u00e7a conta a famosa hist\u00f3ria do menino que n\u00e3o queria crescer encanta crian\u00e7as e adultos. Peter Pan queria ser crian\u00e7a para sempre e isso s\u00f3 \u00e9 poss\u00edvel em um \u00fanico lugar. Junto com a fada Sininho, Peter fica amigo de Wendy, Jo\u00e3o e Miguel e decidem lev\u00e1-los para conhecer a Terra do Nunca, onde o tempo n\u00e3o passa. Uma sucess\u00e3o de aventuras espera a turma, que se deparar\u00e1, inclusive, com um navio pirata e o terr\u00edvel Capit\u00e3o Gancho.<\/p>\n<p>O grupo teatral Espa\u00e7o N\u00facleo j\u00e1 esteve em Santa Rita com dois espet\u00e1culos, em 2018. A pe\u00e7a \u201cCaravela da Ilus\u00e3o\u201d foi apresentada em maio e \u201cJo\u00e3o e o P\u00e9 de Feij\u00e3o\u201d, em outubro do ano passado.\u00a0 Ambas as atra\u00e7\u00f5es com grande participa\u00e7\u00e3o do p\u00fablico. Para o m\u00eas de agosto j\u00e1 est\u00e1 programado outro espet\u00e1culo do grupo.<\/p>\n<p>&nbsp;<\/p>\n<p>&nbsp;<\/p>\n","protected":false},"excerpt":{"rendered":"<p>Promovido pelo Departamento de Cultura, espet\u00e1culo ser\u00e1 encenado no Centro Cultural Mario Covas, no pr\u00f3ximo s\u00e1bado &nbsp; A procura foi<\/p>\n","protected":false},"author":1,"featured_media":1604,"comment_status":"closed","ping_status":"open","sticky":false,"template":"","format":"standard","meta":{"footnotes":""},"categories":[46],"tags":[],"class_list":["post-1608","post","type-post","status-publish","format-standard","has-post-thumbnail","hentry","category-cultura"],"_links":{"self":[{"href":"https:\/\/www.santaritadopassaquatro.sp.gov.br\/portal\/wp-json\/wp\/v2\/posts\/1608","targetHints":{"allow":["GET"]}}],"collection":[{"href":"https:\/\/www.santaritadopassaquatro.sp.gov.br\/portal\/wp-json\/wp\/v2\/posts"}],"about":[{"href":"https:\/\/www.santaritadopassaquatro.sp.gov.br\/portal\/wp-json\/wp\/v2\/types\/post"}],"author":[{"embeddable":true,"href":"https:\/\/www.santaritadopassaquatro.sp.gov.br\/portal\/wp-json\/wp\/v2\/users\/1"}],"replies":[{"embeddable":true,"href":"https:\/\/www.santaritadopassaquatro.sp.gov.br\/portal\/wp-json\/wp\/v2\/comments?post=1608"}],"version-history":[{"count":0,"href":"https:\/\/www.santaritadopassaquatro.sp.gov.br\/portal\/wp-json\/wp\/v2\/posts\/1608\/revisions"}],"wp:featuredmedia":[{"embeddable":true,"href":"https:\/\/www.santaritadopassaquatro.sp.gov.br\/portal\/wp-json\/wp\/v2\/media\/1604"}],"wp:attachment":[{"href":"https:\/\/www.santaritadopassaquatro.sp.gov.br\/portal\/wp-json\/wp\/v2\/media?parent=1608"}],"wp:term":[{"taxonomy":"category","embeddable":true,"href":"https:\/\/www.santaritadopassaquatro.sp.gov.br\/portal\/wp-json\/wp\/v2\/categories?post=1608"},{"taxonomy":"post_tag","embeddable":true,"href":"https:\/\/www.santaritadopassaquatro.sp.gov.br\/portal\/wp-json\/wp\/v2\/tags?post=1608"}],"curies":[{"name":"wp","href":"https:\/\/api.w.org\/{rel}","templated":true}]}}