{"id":1610,"date":"2019-06-14T10:17:12","date_gmt":"2019-06-14T13:17:12","guid":{"rendered":"http:\/\/www.santaritadopassaquatro.sp.gov.br\/portal\/?p=1610"},"modified":"2019-06-14T10:17:12","modified_gmt":"2019-06-14T13:17:12","slug":"banda-zequinha-de-abreu-promove-volta-ao-passado-com-noite-do-flash-black","status":"publish","type":"post","link":"https:\/\/www.santaritadopassaquatro.sp.gov.br\/portal\/banda-zequinha-de-abreu-promove-volta-ao-passado-com-noite-do-flash-black\/","title":{"rendered":"Banda Zequinha de Abreu promove volta ao passado com Noite do Flash Black"},"content":{"rendered":"<p><strong><em>Atra\u00e7\u00e3o \u00e9 neste s\u00e1bado na Concha Ac\u00fastica, Programa\u00e7\u00e3o do Departamento Municipal de Cultura e Turismo traz tamb\u00e9m o Coral Oct\u00e1vio Bueno de Camargo<\/em><\/strong><\/p>\n<p><strong><em>\u00a0<\/em><\/strong><\/p>\n<figure id=\"attachment_1602\" aria-describedby=\"caption-attachment-1602\" style=\"width: 300px\" class=\"wp-caption alignleft\"><img decoding=\"async\" class=\"wp-image-1602 size-medium\" src=\"http:\/\/www.santaritadopassaquatro.sp.gov.br\/portal\/wp-content\/uploads\/2019\/06\/Banda-Zequinha-Abreu-1-300x200.jpg\" alt=\"\" width=\"300\" height=\"200\" srcset=\"https:\/\/www.santaritadopassaquatro.sp.gov.br\/portal\/wp-content\/uploads\/2019\/06\/Banda-Zequinha-Abreu-1-300x200.jpg 300w, https:\/\/www.santaritadopassaquatro.sp.gov.br\/portal\/wp-content\/uploads\/2019\/06\/Banda-Zequinha-Abreu-1-768x511.jpg 768w, https:\/\/www.santaritadopassaquatro.sp.gov.br\/portal\/wp-content\/uploads\/2019\/06\/Banda-Zequinha-Abreu-1-1024x681.jpg 1024w, https:\/\/www.santaritadopassaquatro.sp.gov.br\/portal\/wp-content\/uploads\/2019\/06\/Banda-Zequinha-Abreu-1.jpg 1936w\" sizes=\"(max-width: 300px) 100vw, 300px\" \/><figcaption id=\"caption-attachment-1602\" class=\"wp-caption-text\"><span style=\"font-size: 8pt; color: #999999;\"><em><strong>A banda Musical Zequinha de Abreu que se apresenta neste s\u00e1bado, dentro da programa\u00e7\u00e3o de junho (Arquivo\/Divulga\u00e7\u00e3o)<\/strong><\/em><\/span><\/figcaption><\/figure>\n<p>Que tal voltar ao passado com m\u00fasicas que marcaram \u00e9poca em arranjos exclusivos? \u00c9 justamente o que vai acontecer neste s\u00e1bado (15\/6), em Santa Rita do Passa Quatro, com apresenta\u00e7\u00e3o da Banda Musical Zequinha de Abreu e Coral Professor Octavio Bueno de Camargo.<\/p>\n<p>Promovida pelo Departamento de Cultura e Turismo da Prefeitura Municipal, a atra\u00e7\u00e3o ser\u00e1 \u00e0 partir das 19h30, na Concha Ac\u00fastica da Pra\u00e7a Zequinha De Abreu (Matriz), \u00e0 partir das 19h30. Sob reg\u00eancia do maestro Marcel Villa, banda e coral prometem uma noite de cl\u00e1ssicos de diversos estilos, que fazem parte do seu repert\u00f3rio ao longo dos anos.<\/p>\n<p>A Noite Musical com banda e coral \u00e9 uma das v\u00e1rias atra\u00e7\u00f5es do m\u00eas de junho, que conta tamb\u00e9m com espet\u00e1culos de circo e teatro. Tudo gratuito.<\/p>\n<p><strong><em>\u00a0<\/em><\/strong><\/p>\n<p>&nbsp;<\/p>\n","protected":false},"excerpt":{"rendered":"<p>Atra\u00e7\u00e3o \u00e9 neste s\u00e1bado na Concha Ac\u00fastica, Programa\u00e7\u00e3o do Departamento Municipal de Cultura e Turismo traz tamb\u00e9m o Coral Oct\u00e1vio<\/p>\n","protected":false},"author":1,"featured_media":1602,"comment_status":"closed","ping_status":"open","sticky":false,"template":"","format":"standard","meta":{"footnotes":""},"categories":[46,52],"tags":[],"class_list":["post-1610","post","type-post","status-publish","format-standard","has-post-thumbnail","hentry","category-cultura","category-latest"],"_links":{"self":[{"href":"https:\/\/www.santaritadopassaquatro.sp.gov.br\/portal\/wp-json\/wp\/v2\/posts\/1610","targetHints":{"allow":["GET"]}}],"collection":[{"href":"https:\/\/www.santaritadopassaquatro.sp.gov.br\/portal\/wp-json\/wp\/v2\/posts"}],"about":[{"href":"https:\/\/www.santaritadopassaquatro.sp.gov.br\/portal\/wp-json\/wp\/v2\/types\/post"}],"author":[{"embeddable":true,"href":"https:\/\/www.santaritadopassaquatro.sp.gov.br\/portal\/wp-json\/wp\/v2\/users\/1"}],"replies":[{"embeddable":true,"href":"https:\/\/www.santaritadopassaquatro.sp.gov.br\/portal\/wp-json\/wp\/v2\/comments?post=1610"}],"version-history":[{"count":0,"href":"https:\/\/www.santaritadopassaquatro.sp.gov.br\/portal\/wp-json\/wp\/v2\/posts\/1610\/revisions"}],"wp:featuredmedia":[{"embeddable":true,"href":"https:\/\/www.santaritadopassaquatro.sp.gov.br\/portal\/wp-json\/wp\/v2\/media\/1602"}],"wp:attachment":[{"href":"https:\/\/www.santaritadopassaquatro.sp.gov.br\/portal\/wp-json\/wp\/v2\/media?parent=1610"}],"wp:term":[{"taxonomy":"category","embeddable":true,"href":"https:\/\/www.santaritadopassaquatro.sp.gov.br\/portal\/wp-json\/wp\/v2\/categories?post=1610"},{"taxonomy":"post_tag","embeddable":true,"href":"https:\/\/www.santaritadopassaquatro.sp.gov.br\/portal\/wp-json\/wp\/v2\/tags?post=1610"}],"curies":[{"name":"wp","href":"https:\/\/api.w.org\/{rel}","templated":true}]}}