{"id":1622,"date":"2019-06-14T10:27:30","date_gmt":"2019-06-14T13:27:30","guid":{"rendered":"http:\/\/www.santaritadopassaquatro.sp.gov.br\/portal\/?p=1622"},"modified":"2019-06-14T10:27:30","modified_gmt":"2019-06-14T13:27:30","slug":"prefeito-representa-municipio-e-aprecesp-em-reuniao-da-amppesp","status":"publish","type":"post","link":"https:\/\/www.santaritadopassaquatro.sp.gov.br\/portal\/prefeito-representa-municipio-e-aprecesp-em-reuniao-da-amppesp\/","title":{"rendered":"Prefeito representa munic\u00edpio e Aprecesp em reuni\u00e3o da Amppesp"},"content":{"rendered":"<p><strong><em>Evento realizado em Holambra reuniu representantes de munic\u00edpios com menos de 50 mil habitantes<\/em><\/strong><\/p>\n<p>&nbsp;<\/p>\n<figure id=\"attachment_1624\" aria-describedby=\"caption-attachment-1624\" style=\"width: 300px\" class=\"wp-caption alignleft\"><img decoding=\"async\" class=\"wp-image-1624 size-medium\" src=\"http:\/\/www.santaritadopassaquatro.sp.gov.br\/portal\/wp-content\/uploads\/2019\/06\/reuniao_holambra_foto02-300x225.jpeg\" alt=\"\" width=\"300\" height=\"225\" srcset=\"https:\/\/www.santaritadopassaquatro.sp.gov.br\/portal\/wp-content\/uploads\/2019\/06\/reuniao_holambra_foto02-300x225.jpeg 300w, https:\/\/www.santaritadopassaquatro.sp.gov.br\/portal\/wp-content\/uploads\/2019\/06\/reuniao_holambra_foto02-768x576.jpeg 768w, https:\/\/www.santaritadopassaquatro.sp.gov.br\/portal\/wp-content\/uploads\/2019\/06\/reuniao_holambra_foto02-1024x768.jpeg 1024w, https:\/\/www.santaritadopassaquatro.sp.gov.br\/portal\/wp-content\/uploads\/2019\/06\/reuniao_holambra_foto02.jpeg 1280w\" sizes=\"(max-width: 300px) 100vw, 300px\" \/><figcaption id=\"caption-attachment-1624\" class=\"wp-caption-text\"><span style=\"font-size: 8pt; color: #999999;\"><em><strong>O secret\u00e1rio Vinholi discursa ao lado do prefeito santa-ritense durante rurni\u00e3o da Amppesp (Divulga\u00e7\u00e3o)<\/strong><\/em><\/span><\/figcaption><\/figure>\n<p>O prefeito de Santa Rita do Passa Quatro, Leandro Luciano dos Santos, representando tamb\u00e9m a Associa\u00e7\u00e3o das Prefeituras das Cidades Est\u00e2ncias do Estado de S\u00e3o Paulo (Aprecesp), participou do 3\u00b0 Encontro de Munic\u00edpios da Associa\u00e7\u00e3o dos Munic\u00edpios de Pequeno Porte do Estado de S\u00e3o Paulo (Amppesp), entidade que contempla as cidades com popula\u00e7\u00e3o de at\u00e9 50 mil habitantes. O Evento aconteceu em Holambra, na \u00faltima segunda-feira (11\/6).<\/p>\n<p>Participaram do encontro mais de 50 prefeitos e representantes de mais de 120 cidades paulistas. A Amppesp \u00e9 presidida pelo prefeito de Cordeir\u00f3polis, Adinan Ortolan, e entre os convidados estavam os secret\u00e1rios de Estado Fl\u00e1vio Amary, de Habita\u00e7\u00e3o; Marco Vinholi, de Desenvolvimento Regional; e o presidente da Funasa (A Funda\u00e7\u00e3o Nacional de Sa\u00fade), vinculada ao Minist\u00e9rio da Sa\u00fade, Ronaldo Nogueira de Oliveira.<\/p>\n<figure id=\"attachment_1623\" aria-describedby=\"caption-attachment-1623\" style=\"width: 300px\" class=\"wp-caption alignright\"><img decoding=\"async\" class=\"wp-image-1623 size-medium\" src=\"http:\/\/www.santaritadopassaquatro.sp.gov.br\/portal\/wp-content\/uploads\/2019\/06\/reuniao_holambra_foto01-300x225.jpeg\" alt=\"\" width=\"300\" height=\"225\" srcset=\"https:\/\/www.santaritadopassaquatro.sp.gov.br\/portal\/wp-content\/uploads\/2019\/06\/reuniao_holambra_foto01-300x225.jpeg 300w, https:\/\/www.santaritadopassaquatro.sp.gov.br\/portal\/wp-content\/uploads\/2019\/06\/reuniao_holambra_foto01-768x576.jpeg 768w, https:\/\/www.santaritadopassaquatro.sp.gov.br\/portal\/wp-content\/uploads\/2019\/06\/reuniao_holambra_foto01.jpeg 1024w\" sizes=\"(max-width: 300px) 100vw, 300px\" \/><figcaption id=\"caption-attachment-1623\" class=\"wp-caption-text\"><span style=\"font-size: 8pt; color: #999999;\"><em><strong>O prefeito com secret\u00e1rio de estado e representes da Aprecesp em Holambra \u00a0(Divulga\u00e7\u00e3o)<\/strong><\/em><\/span><\/figcaption><\/figure>\n<p>O principal objetivo do evento \u00e9 incentivar e fortalecer o trabalho conjunto de munic\u00edpios de pequeno porte, com menos de 50 mil habitantes, para garantir maior representatividade junto aos governos estadual e federal. Al\u00e9m disso, o evento oferece oportunidade aos gestores p\u00fablicos de apresentar demandas \u00e0s secretarias presentes, facilitando o acesso a lideran\u00e7as de outros entes federativos,\u00a0 sobretudo do Governo do Estado.<\/p>\n<p>Al\u00e9m de diferentes expositores, o encontro contou ainda com palestra de representantes do projeto Google For Education \u2013 que apresentou a prefeitos e secret\u00e1rios de Educa\u00e7\u00e3o inova\u00e7\u00f5es e tecnologias dispon\u00edveis para o aperfei\u00e7oamento do processo de ensino na rede p\u00fablica.<\/p>\n<p>\u201cEntre as demandas tratadas, estiveram a habita\u00e7\u00e3o e o saneamento, das quais Santa Rita est\u00e1 muito bem conceituada com a conclus\u00e3o do nosso Conjunto Habitacional Arnaldo dos Santos e a recente inaugura\u00e7\u00e3o da Esta\u00e7\u00e3o de Tratamento de Esgoto do Capituva\u201d, disse o prefeito. \u201cAl\u00e9m da gest\u00e3o, com o reconhecimento das nossas a\u00e7\u00f5es em combate \u00e0 crise e \u00e0 queda da arrecada\u00e7\u00e3o nos \u00faltimo anos, crise que conseguimos combater e vencer sem prejudicar os servi\u00e7os essenciais a popula\u00e7\u00e3o como sa\u00fade, educa\u00e7\u00e3o, seguran\u00e7a, merenda e transporte escolar\u201d, concluiu.<\/p>\n<p>&nbsp;<\/p>\n<p>&nbsp;<\/p>\n","protected":false},"excerpt":{"rendered":"<p>Evento realizado em Holambra reuniu representantes de munic\u00edpios com menos de 50 mil habitantes &nbsp; O prefeito de Santa Rita<\/p>\n","protected":false},"author":1,"featured_media":1623,"comment_status":"closed","ping_status":"open","sticky":false,"template":"","format":"standard","meta":{"footnotes":""},"categories":[44,52,57],"tags":[],"class_list":["post-1622","post","type-post","status-publish","format-standard","has-post-thumbnail","hentry","category-cidades","category-latest","category-politics"],"_links":{"self":[{"href":"https:\/\/www.santaritadopassaquatro.sp.gov.br\/portal\/wp-json\/wp\/v2\/posts\/1622","targetHints":{"allow":["GET"]}}],"collection":[{"href":"https:\/\/www.santaritadopassaquatro.sp.gov.br\/portal\/wp-json\/wp\/v2\/posts"}],"about":[{"href":"https:\/\/www.santaritadopassaquatro.sp.gov.br\/portal\/wp-json\/wp\/v2\/types\/post"}],"author":[{"embeddable":true,"href":"https:\/\/www.santaritadopassaquatro.sp.gov.br\/portal\/wp-json\/wp\/v2\/users\/1"}],"replies":[{"embeddable":true,"href":"https:\/\/www.santaritadopassaquatro.sp.gov.br\/portal\/wp-json\/wp\/v2\/comments?post=1622"}],"version-history":[{"count":0,"href":"https:\/\/www.santaritadopassaquatro.sp.gov.br\/portal\/wp-json\/wp\/v2\/posts\/1622\/revisions"}],"wp:featuredmedia":[{"embeddable":true,"href":"https:\/\/www.santaritadopassaquatro.sp.gov.br\/portal\/wp-json\/wp\/v2\/media\/1623"}],"wp:attachment":[{"href":"https:\/\/www.santaritadopassaquatro.sp.gov.br\/portal\/wp-json\/wp\/v2\/media?parent=1622"}],"wp:term":[{"taxonomy":"category","embeddable":true,"href":"https:\/\/www.santaritadopassaquatro.sp.gov.br\/portal\/wp-json\/wp\/v2\/categories?post=1622"},{"taxonomy":"post_tag","embeddable":true,"href":"https:\/\/www.santaritadopassaquatro.sp.gov.br\/portal\/wp-json\/wp\/v2\/tags?post=1622"}],"curies":[{"name":"wp","href":"https:\/\/api.w.org\/{rel}","templated":true}]}}