{"id":1626,"date":"2019-06-14T10:30:45","date_gmt":"2019-06-14T13:30:45","guid":{"rendered":"http:\/\/www.santaritadopassaquatro.sp.gov.br\/portal\/?p=1626"},"modified":"2019-06-14T10:30:45","modified_gmt":"2019-06-14T13:30:45","slug":"em-braganca-prefeito-preside-3o-reuniao-aprecesp-com-anuncio-de-mais-recursos","status":"publish","type":"post","link":"https:\/\/www.santaritadopassaquatro.sp.gov.br\/portal\/em-braganca-prefeito-preside-3o-reuniao-aprecesp-com-anuncio-de-mais-recursos\/","title":{"rendered":"Em Bragan\u00e7a, prefeito preside 3\u00ba Reuni\u00e3o Aprecesp com an\u00fancio de mais recursos"},"content":{"rendered":"<p><strong><em>\u00a0<\/em><\/strong><strong><em>Com presen\u00e7a de vice-governador e secret\u00e1rios de Estado, foi anunciado o descontingenciamento de R$ 100 milh\u00f5es para as est\u00e2ncias paulistas <\/em><\/strong><\/p>\n<p>&nbsp;<\/p>\n<figure id=\"attachment_1628\" aria-describedby=\"caption-attachment-1628\" style=\"width: 300px\" class=\"wp-caption alignleft\"><img decoding=\"async\" class=\"wp-image-1628 size-medium\" src=\"http:\/\/www.santaritadopassaquatro.sp.gov.br\/portal\/wp-content\/uploads\/2019\/06\/Aprcesp_Braganca_foto03-300x225.jpg\" alt=\"\" width=\"300\" height=\"225\" srcset=\"https:\/\/www.santaritadopassaquatro.sp.gov.br\/portal\/wp-content\/uploads\/2019\/06\/Aprcesp_Braganca_foto03-300x225.jpg 300w, https:\/\/www.santaritadopassaquatro.sp.gov.br\/portal\/wp-content\/uploads\/2019\/06\/Aprcesp_Braganca_foto03-768x576.jpg 768w, https:\/\/www.santaritadopassaquatro.sp.gov.br\/portal\/wp-content\/uploads\/2019\/06\/Aprcesp_Braganca_foto03-1024x768.jpg 1024w\" sizes=\"(max-width: 300px) 100vw, 300px\" \/><figcaption id=\"caption-attachment-1628\" class=\"wp-caption-text\"><span style=\"font-size: 8pt; color: #999999;\"><em><strong>Prefeitos, representantes das est\u00e2ncias paulistas e demais participantes da 3\u00aa Reuni\u00e3o Ordin\u00e1ria da Aprecesp (Divulga\u00e7\u00e3o)<\/strong><\/em><\/span><\/figcaption><\/figure>\n<p>Com a presen\u00e7a de importantes autoridades, como vice governador e dois secret\u00e1rios estaduais, o prefeito de Santa Rita do Passa Quatro, Leandro Luciano dos Santos, presidiu a 3\u00aa Reuni\u00e3o Ordin\u00e1ria da Associa\u00e7\u00e3o das Prefeituras das Cidades Est\u00e2ncias do Estado de S\u00e3o Paulo (Aprecesp). O encontro aconteceu no \u00faltimo fim de semana, em Bragan\u00e7a Paulista. Estiveram presentes o vice-governador Rodrigo Garcia, e os secret\u00e1rios Marco Vinholi, de Desenvolvimento Regional, e Vin\u00edcus Lummertz, de Turismo, al\u00e9m do deputado federal Geninho Zuliani e dos deputados estaduais Edmir Chedid e Itamar Borges.<\/p>\n<figure id=\"attachment_1629\" aria-describedby=\"caption-attachment-1629\" style=\"width: 300px\" class=\"wp-caption alignright\"><img decoding=\"async\" class=\"wp-image-1629 size-medium\" src=\"http:\/\/www.santaritadopassaquatro.sp.gov.br\/portal\/wp-content\/uploads\/2019\/06\/Aprcesp_Braganca_foto01-300x137.jpg\" alt=\"\" width=\"300\" height=\"137\" srcset=\"https:\/\/www.santaritadopassaquatro.sp.gov.br\/portal\/wp-content\/uploads\/2019\/06\/Aprcesp_Braganca_foto01-300x137.jpg 300w, https:\/\/www.santaritadopassaquatro.sp.gov.br\/portal\/wp-content\/uploads\/2019\/06\/Aprcesp_Braganca_foto01-768x352.jpg 768w, https:\/\/www.santaritadopassaquatro.sp.gov.br\/portal\/wp-content\/uploads\/2019\/06\/Aprcesp_Braganca_foto01-1024x469.jpg 1024w\" sizes=\"(max-width: 300px) 100vw, 300px\" \/><figcaption id=\"caption-attachment-1629\" class=\"wp-caption-text\"><span style=\"font-size: 8pt; color: #999999;\"><em><strong>O prefeito de Santa Rita no centro, junto ao vice-governador e o prefeito de Bran\u00e7a Paulista, durante a reuni\u00e3o da Aprecesp (Divulga\u00e7\u00e3o)<\/strong><\/em><\/span><\/figcaption><\/figure>\n<p>Estavam representadas 45 est\u00e2ncias paulistas, com 35 prefeitos, quatro vice-prefeitos, al\u00e9m de secret\u00e1rios, gestores e vereadores, totalizando cerca de 250 participantes. Tamb\u00e9m marcou presen\u00e7a o o presidente da Associa\u00e7\u00e3o Paulista dos Munic\u00edpios(APM), Carlos Cruz, e o prefeito Murilo Ramos de Nazar\u00e9 Paulista, representando a Associa\u00e7\u00e3o dos Prefeitos de Munic\u00edpios de Interesse Tur\u00edstico do Estado de SP (Amitesp).<\/p>\n<figure id=\"attachment_1627\" aria-describedby=\"caption-attachment-1627\" style=\"width: 300px\" class=\"wp-caption alignleft\"><img decoding=\"async\" class=\"wp-image-1627 size-medium\" src=\"http:\/\/www.santaritadopassaquatro.sp.gov.br\/portal\/wp-content\/uploads\/2019\/06\/Aprcesp_Braganca_foto02-300x293.jpg\" alt=\"\" width=\"300\" height=\"293\" srcset=\"https:\/\/www.santaritadopassaquatro.sp.gov.br\/portal\/wp-content\/uploads\/2019\/06\/Aprcesp_Braganca_foto02-300x293.jpg 300w, https:\/\/www.santaritadopassaquatro.sp.gov.br\/portal\/wp-content\/uploads\/2019\/06\/Aprcesp_Braganca_foto02-768x749.jpg 768w, https:\/\/www.santaritadopassaquatro.sp.gov.br\/portal\/wp-content\/uploads\/2019\/06\/Aprcesp_Braganca_foto02-1024x999.jpg 1024w\" sizes=\"(max-width: 300px) 100vw, 300px\" \/><figcaption id=\"caption-attachment-1627\" class=\"wp-caption-text\"><span style=\"color: #999999; font-size: 8pt;\"><em><strong> Leandro com o vice-governador Rodrigo Garcia durante os trabalhos em Bragan\u00e7a \u00a0(Divulga\u00e7\u00e3o)<\/strong><\/em><\/span><\/figcaption><\/figure>\n<p>Na oportunidade Lummertz fez uma apresenta\u00e7\u00e3o da atual condi\u00e7\u00e3o dos conv\u00eanios entre as est\u00e2ncias e o Dadetur (Departamento de Apoio ao Desenvolvimento dos Munic\u00edpios Tur\u00edsticos) e disse: &#8220;todos os conv\u00eanios ser\u00e3o honrados regularmente\u201d. J\u00e1 a grande not\u00edcia da reuni\u00e3o foi anunciada pelo vice-governador Rodrigo Garcia, sobre descontingenciamento de R$ 100 milh\u00f5es, do or\u00e7amento da Secretaria de Turismo, para investimentos infraestrutura tur\u00edstica das est\u00e2ncias, referentes ao pleito de 2019.<\/p>\n<p>O presidente da Aprecesp, Leandro Luciando dos Santos, respons\u00e1vel pela condu\u00e7\u00e3o dos trabalhos na reuni\u00e3o, destacou: \u201cv\u00e1rios pleitos das est\u00e2ncias ser\u00e3o atendidos, fruto do di\u00e1logo, muito trabalho e do entendimento entre a entidade e o governo estadual\u201d.<\/p>\n<p>As reuni\u00f5es ordin\u00e1rias da Aprecesp acontecem a cada dois meses.<\/p>\n<p>&nbsp;<\/p>\n<p>&nbsp;<\/p>\n<p><em>\u00a0<\/em><\/p>\n","protected":false},"excerpt":{"rendered":"<p>\u00a0Com presen\u00e7a de vice-governador e secret\u00e1rios de Estado, foi anunciado o descontingenciamento de R$ 100 milh\u00f5es para as est\u00e2ncias paulistas<\/p>\n","protected":false},"author":1,"featured_media":1629,"comment_status":"closed","ping_status":"open","sticky":false,"template":"","format":"standard","meta":{"footnotes":""},"categories":[44,52,60],"tags":[],"class_list":["post-1626","post","type-post","status-publish","format-standard","has-post-thumbnail","hentry","category-cidades","category-latest","category-turismo"],"_links":{"self":[{"href":"https:\/\/www.santaritadopassaquatro.sp.gov.br\/portal\/wp-json\/wp\/v2\/posts\/1626","targetHints":{"allow":["GET"]}}],"collection":[{"href":"https:\/\/www.santaritadopassaquatro.sp.gov.br\/portal\/wp-json\/wp\/v2\/posts"}],"about":[{"href":"https:\/\/www.santaritadopassaquatro.sp.gov.br\/portal\/wp-json\/wp\/v2\/types\/post"}],"author":[{"embeddable":true,"href":"https:\/\/www.santaritadopassaquatro.sp.gov.br\/portal\/wp-json\/wp\/v2\/users\/1"}],"replies":[{"embeddable":true,"href":"https:\/\/www.santaritadopassaquatro.sp.gov.br\/portal\/wp-json\/wp\/v2\/comments?post=1626"}],"version-history":[{"count":0,"href":"https:\/\/www.santaritadopassaquatro.sp.gov.br\/portal\/wp-json\/wp\/v2\/posts\/1626\/revisions"}],"wp:featuredmedia":[{"embeddable":true,"href":"https:\/\/www.santaritadopassaquatro.sp.gov.br\/portal\/wp-json\/wp\/v2\/media\/1629"}],"wp:attachment":[{"href":"https:\/\/www.santaritadopassaquatro.sp.gov.br\/portal\/wp-json\/wp\/v2\/media?parent=1626"}],"wp:term":[{"taxonomy":"category","embeddable":true,"href":"https:\/\/www.santaritadopassaquatro.sp.gov.br\/portal\/wp-json\/wp\/v2\/categories?post=1626"},{"taxonomy":"post_tag","embeddable":true,"href":"https:\/\/www.santaritadopassaquatro.sp.gov.br\/portal\/wp-json\/wp\/v2\/tags?post=1626"}],"curies":[{"name":"wp","href":"https:\/\/api.w.org\/{rel}","templated":true}]}}