{"id":1631,"date":"2019-06-24T10:36:55","date_gmt":"2019-06-24T13:36:55","guid":{"rendered":"http:\/\/www.santaritadopassaquatro.sp.gov.br\/portal\/?p=1631"},"modified":"2019-06-24T10:36:55","modified_gmt":"2019-06-24T13:36:55","slug":"com-lotacao-esgotada-peca-teatral-peter-pan-sera-exibida-neste-sabado","status":"publish","type":"post","link":"https:\/\/www.santaritadopassaquatro.sp.gov.br\/portal\/com-lotacao-esgotada-peca-teatral-peter-pan-sera-exibida-neste-sabado\/","title":{"rendered":"Com lota\u00e7\u00e3o esgotada, pe\u00e7a teatral Peter Pan ser\u00e1 exibida neste s\u00e1bado"},"content":{"rendered":"<p><strong><em>Promovido pelo Departamento de Cultura, espet\u00e1culo ser\u00e1 encenado no Centro Cultural Mario Covas, <\/em><\/strong><\/p>\n<p>&nbsp;<\/p>\n<figure id=\"attachment_1604\" aria-describedby=\"caption-attachment-1604\" style=\"width: 300px\" class=\"wp-caption alignleft\"><img decoding=\"async\" class=\"wp-image-1604 size-medium\" src=\"http:\/\/www.santaritadopassaquatro.sp.gov.br\/portal\/wp-content\/uploads\/2019\/06\/peter-pan-elenco-300x202.jpg\" alt=\"\" width=\"300\" height=\"202\" srcset=\"https:\/\/www.santaritadopassaquatro.sp.gov.br\/portal\/wp-content\/uploads\/2019\/06\/peter-pan-elenco-300x202.jpg 300w, https:\/\/www.santaritadopassaquatro.sp.gov.br\/portal\/wp-content\/uploads\/2019\/06\/peter-pan-elenco-768x517.jpg 768w, https:\/\/www.santaritadopassaquatro.sp.gov.br\/portal\/wp-content\/uploads\/2019\/06\/peter-pan-elenco-1024x689.jpg 1024w, https:\/\/www.santaritadopassaquatro.sp.gov.br\/portal\/wp-content\/uploads\/2019\/06\/peter-pan-elenco.jpg 1527w\" sizes=\"(max-width: 300px) 100vw, 300px\" \/><figcaption id=\"caption-attachment-1604\" class=\"wp-caption-text\"><span style=\"font-size: 8pt; color: #999999;\"><em><strong>Elenco de Peter Pan, do Espa\u00e7o N\u00facleo, que ser\u00e1 exibido em Santa Rita (Divulga\u00e7\u00e3o)<\/strong><\/em><\/span><\/figcaption><\/figure>\n<p>Com lota\u00e7\u00e3o esgotada duas semanas antes, a pe\u00e7a teatral Peter Pan, do Espa\u00e7o N\u00facleo, ser\u00e1 exibida neste s\u00e1bado em Santa Rita do Passa Quatro. Os ingressos foram disponibilizados online ao p\u00fablico e se esgotaram rapidamente. A promo\u00e7\u00e3o \u00e9 do Departamento de Cultura da Prefeitura Municipal, e o espet\u00e1culo acontece \u00e0s 19h30, no Centro Cultural M\u00e1rio Covas.<\/p>\n<p>Uma montagem do Espa\u00e7o N\u00facleo de Limeira, a pe\u00e7a conta a famosa hist\u00f3ria do menino que n\u00e3o queria crescer encanta crian\u00e7as e adultos. Peter Pan queria ser crian\u00e7a para sempre e isso s\u00f3 \u00e9 poss\u00edvel em um \u00fanico lugar. Junto com a fada Sininho, Peter fica amigo de Wendy, Jo\u00e3o e Miguel e decidem lev\u00e1-los para conhecer a Terra do Nunca, onde o tempo n\u00e3o passa. Uma sucess\u00e3o de aventuras espera a turma, que se deparar\u00e1, inclusive, com um navio pirata e o terr\u00edvel Capit\u00e3o Gancho.<\/p>\n<p>O grupo teatral Espa\u00e7o N\u00facleo j\u00e1 esteve em Santa Rita com dois espet\u00e1culos, em 2018. A pe\u00e7a \u201cCaravela da Ilus\u00e3o\u201d foi apresentada em maio e \u201cJo\u00e3o e o P\u00e9 de Feij\u00e3o\u201d, em outubro do ano passado.\u00a0 Ambas as atra\u00e7\u00f5es com grande participa\u00e7\u00e3o do p\u00fablico. Para o m\u00eas de agosto j\u00e1 est\u00e1 programado outro espet\u00e1culo do grupo.<\/p>\n<p>&nbsp;<\/p>\n<p>&nbsp;<\/p>\n","protected":false},"excerpt":{"rendered":"<p>Promovido pelo Departamento de Cultura, espet\u00e1culo ser\u00e1 encenado no Centro Cultural Mario Covas, &nbsp; Com lota\u00e7\u00e3o esgotada duas semanas antes,<\/p>\n","protected":false},"author":1,"featured_media":0,"comment_status":"closed","ping_status":"open","sticky":false,"template":"","format":"standard","meta":{"footnotes":""},"categories":[46],"tags":[],"class_list":["post-1631","post","type-post","status-publish","format-standard","hentry","category-cultura"],"_links":{"self":[{"href":"https:\/\/www.santaritadopassaquatro.sp.gov.br\/portal\/wp-json\/wp\/v2\/posts\/1631","targetHints":{"allow":["GET"]}}],"collection":[{"href":"https:\/\/www.santaritadopassaquatro.sp.gov.br\/portal\/wp-json\/wp\/v2\/posts"}],"about":[{"href":"https:\/\/www.santaritadopassaquatro.sp.gov.br\/portal\/wp-json\/wp\/v2\/types\/post"}],"author":[{"embeddable":true,"href":"https:\/\/www.santaritadopassaquatro.sp.gov.br\/portal\/wp-json\/wp\/v2\/users\/1"}],"replies":[{"embeddable":true,"href":"https:\/\/www.santaritadopassaquatro.sp.gov.br\/portal\/wp-json\/wp\/v2\/comments?post=1631"}],"version-history":[{"count":0,"href":"https:\/\/www.santaritadopassaquatro.sp.gov.br\/portal\/wp-json\/wp\/v2\/posts\/1631\/revisions"}],"wp:attachment":[{"href":"https:\/\/www.santaritadopassaquatro.sp.gov.br\/portal\/wp-json\/wp\/v2\/media?parent=1631"}],"wp:term":[{"taxonomy":"category","embeddable":true,"href":"https:\/\/www.santaritadopassaquatro.sp.gov.br\/portal\/wp-json\/wp\/v2\/categories?post=1631"},{"taxonomy":"post_tag","embeddable":true,"href":"https:\/\/www.santaritadopassaquatro.sp.gov.br\/portal\/wp-json\/wp\/v2\/tags?post=1631"}],"curies":[{"name":"wp","href":"https:\/\/api.w.org\/{rel}","templated":true}]}}