{"id":1641,"date":"2019-06-24T10:46:11","date_gmt":"2019-06-24T13:46:11","guid":{"rendered":"http:\/\/www.santaritadopassaquatro.sp.gov.br\/portal\/?p=1641"},"modified":"2019-06-24T10:46:11","modified_gmt":"2019-06-24T13:46:11","slug":"acoes-comemoraram-a-semana-do-meio-ambiente-no-municipio","status":"publish","type":"post","link":"https:\/\/www.santaritadopassaquatro.sp.gov.br\/portal\/acoes-comemoraram-a-semana-do-meio-ambiente-no-municipio\/","title":{"rendered":"A\u00e7\u00f5es comemoraram a Semana do Meio Ambiente no munic\u00edpio"},"content":{"rendered":"<p><strong><em>Dia Mundial \u00e9 celebrado anualmente em 5 de junho; preserva\u00e7\u00e3o, educa\u00e7\u00e3o e conscientiza\u00e7\u00e3o foram os objetivos principais <\/em><\/strong><\/p>\n<p><strong><em>\u00a0<\/em><\/strong><\/p>\n<figure id=\"attachment_1642\" aria-describedby=\"caption-attachment-1642\" style=\"width: 300px\" class=\"wp-caption alignleft\"><img decoding=\"async\" class=\"wp-image-1642 size-medium\" src=\"http:\/\/www.santaritadopassaquatro.sp.gov.br\/portal\/wp-content\/uploads\/2019\/06\/Semana_Meio_ambiente2019_lixo_eletronico-300x200.jpg\" alt=\"\" width=\"300\" height=\"200\" srcset=\"https:\/\/www.santaritadopassaquatro.sp.gov.br\/portal\/wp-content\/uploads\/2019\/06\/Semana_Meio_ambiente2019_lixo_eletronico-300x200.jpg 300w, https:\/\/www.santaritadopassaquatro.sp.gov.br\/portal\/wp-content\/uploads\/2019\/06\/Semana_Meio_ambiente2019_lixo_eletronico-768x512.jpg 768w, https:\/\/www.santaritadopassaquatro.sp.gov.br\/portal\/wp-content\/uploads\/2019\/06\/Semana_Meio_ambiente2019_lixo_eletronico-1024x683.jpg 1024w\" sizes=\"(max-width: 300px) 100vw, 300px\" \/><figcaption id=\"caption-attachment-1642\" class=\"wp-caption-text\"><span style=\"color: #999999; font-size: 8pt;\"><em><strong>Campanha de Arrecada\u00e7\u00e3o de Lixo Eletr\u00f4nico comemorou o Dia Mundial do Meio Ambiente (AssCom\/Divulga\u00e7\u00e3o)<\/strong><\/em><\/span><\/figcaption><\/figure>\n<p>Cinco de maio \u00e9 o Dia Mundial de Meio Ambiente, para comemorar a data o Departamento de Meio Ambiente da Prefeitura Municipal de Santa Rita do Passa Quatro promoveu uma semana inteira de a\u00e7\u00f5es visando principalmente a preserva\u00e7\u00e3o, educa\u00e7\u00e3o ambiental, al\u00e9m da conscientiza\u00e7\u00e3o da popula\u00e7\u00e3o sobre sua import\u00e2ncia.<\/p>\n<p>A primeira atividade aconteceu na ter\u00e7a-feira (4\/6), com plantio realizado pelo Departamento de Agricultura e Meio Ambiente em parceria com os atiradores do Tiro de Guerra\u00a0 02077, na Represa Municipal de Abastecimento P\u00fablico Passa Quatro.<\/p>\n<p>Na quarta-feira (5\/6), o Dia Mundial do Meio Ambiente, e na quinta-feira (6\/6), foi realizada mais uma campanha de arrecada\u00e7\u00e3o de lixo eletr\u00f4nico, na Pra\u00e7a Poeta Mario Mattoso, onde foi montado um posto para recolha do material no p\u00e1tio da Esta\u00e7\u00e3o. O objetivo da campanha \u00e9 de promover o descarte consciente do material nocivo ao meio ambiente. Com exce\u00e7\u00e3o de l\u00e2mpadas (incandescentes ou fluorescentes), qualquer material eletr\u00f4nico p\u00f4de ser descartado, como computadores, placas e equipamentos de inform\u00e1tica em geral, monitores, televisores, aparelhos de som, antenas, fax e telefonia (incluindo celulares), pilhas, baterias, fios e cabos el\u00e9tricos, videogames e fitas VHS, entre outros.<\/p>\n<figure id=\"attachment_1644\" aria-describedby=\"caption-attachment-1644\" style=\"width: 300px\" class=\"wp-caption alignright\"><img decoding=\"async\" class=\"wp-image-1644 size-medium\" src=\"http:\/\/www.santaritadopassaquatro.sp.gov.br\/portal\/wp-content\/uploads\/2019\/06\/Semana_Meio_ambiente2019_distribuicao_mudas-300x225.jpg\" alt=\"\" width=\"300\" height=\"225\" srcset=\"https:\/\/www.santaritadopassaquatro.sp.gov.br\/portal\/wp-content\/uploads\/2019\/06\/Semana_Meio_ambiente2019_distribuicao_mudas-300x225.jpg 300w, https:\/\/www.santaritadopassaquatro.sp.gov.br\/portal\/wp-content\/uploads\/2019\/06\/Semana_Meio_ambiente2019_distribuicao_mudas-768x576.jpg 768w, https:\/\/www.santaritadopassaquatro.sp.gov.br\/portal\/wp-content\/uploads\/2019\/06\/Semana_Meio_ambiente2019_distribuicao_mudas-1024x768.jpg 1024w\" sizes=\"(max-width: 300px) 100vw, 300px\" \/><figcaption id=\"caption-attachment-1644\" class=\"wp-caption-text\"><span style=\"font-size: 8pt; color: #999999;\"><em><strong>A\u00e7\u00e3o durante a Feira do Produtor encerrou a semana de atividades (Divulga\u00e7\u00e3o) <\/strong><\/em><\/span><\/figcaption><\/figure>\n<p>Tamb\u00e9m na quinta-feira (6\/6) aconteceu a visita ao Parque Estadual Vassunuga, com os alunos do Projeto Viveiro Educador da Escola Municipal Laura Suriani Barbuio. Sexta-feira (7\/6) tem visita de estudantes \u00e0 Esta\u00e7\u00e3o de Tratamento de \u00c1gua de Santa Rita do Passa Quatro (Comasa).<\/p>\n<p>No s\u00e1bado (8\/6) foi realizada a comemora\u00e7\u00e3o da Semana do Meio Ambiente na Feira do Agricultor da Pra\u00e7a do Ros\u00e1rio. O evento organizado pelo Departamento de Agricultura e Meio Ambiente contou com o apoio da Comasa, Parque Vassununga, Associa\u00e7\u00e3o dos Agentes Ecol\u00f3gicos e o Departamento de Controle de Vetores, que disponibilizaram para exposi\u00e7\u00e3o banners explicativos e informa\u00e7\u00f5es para popula\u00e7\u00e3o, al\u00e9m de exposi\u00e7\u00e3o. O p\u00fablico presente tamb\u00e9m teve a oportunidade de levar para casa mudas de \u00e1rvores produzidas e doadas pelo Viveiro Municipal.<\/p>\n<p>\u00c9 importante lembrar que todos os projetos expostos est\u00e3o ativos como o Eco \u00d3leo, Preven\u00e7\u00e3o ao Mosquito da Dengue, Reciclagem, Viveiro Municipal e as visitas ao Parque Vassununga, e que s\u00e3o de extrema import\u00e2ncia para a conscientiza\u00e7\u00e3o da import\u00e2ncia do Meio Ambiente em nossa cidade.<\/p>\n<p>&nbsp;<\/p>\n<p><em>\u00a0<\/em><\/p>\n<p>&nbsp;<\/p>\n<p>&nbsp;<\/p>\n","protected":false},"excerpt":{"rendered":"<p>Dia Mundial \u00e9 celebrado anualmente em 5 de junho; preserva\u00e7\u00e3o, educa\u00e7\u00e3o e conscientiza\u00e7\u00e3o foram os objetivos principais \u00a0 Cinco de<\/p>\n","protected":false},"author":1,"featured_media":1642,"comment_status":"closed","ping_status":"open","sticky":false,"template":"","format":"standard","meta":{"footnotes":""},"categories":[44,53],"tags":[],"class_list":["post-1641","post","type-post","status-publish","format-standard","has-post-thumbnail","hentry","category-cidades","category-meio-ambiente"],"_links":{"self":[{"href":"https:\/\/www.santaritadopassaquatro.sp.gov.br\/portal\/wp-json\/wp\/v2\/posts\/1641","targetHints":{"allow":["GET"]}}],"collection":[{"href":"https:\/\/www.santaritadopassaquatro.sp.gov.br\/portal\/wp-json\/wp\/v2\/posts"}],"about":[{"href":"https:\/\/www.santaritadopassaquatro.sp.gov.br\/portal\/wp-json\/wp\/v2\/types\/post"}],"author":[{"embeddable":true,"href":"https:\/\/www.santaritadopassaquatro.sp.gov.br\/portal\/wp-json\/wp\/v2\/users\/1"}],"replies":[{"embeddable":true,"href":"https:\/\/www.santaritadopassaquatro.sp.gov.br\/portal\/wp-json\/wp\/v2\/comments?post=1641"}],"version-history":[{"count":0,"href":"https:\/\/www.santaritadopassaquatro.sp.gov.br\/portal\/wp-json\/wp\/v2\/posts\/1641\/revisions"}],"wp:featuredmedia":[{"embeddable":true,"href":"https:\/\/www.santaritadopassaquatro.sp.gov.br\/portal\/wp-json\/wp\/v2\/media\/1642"}],"wp:attachment":[{"href":"https:\/\/www.santaritadopassaquatro.sp.gov.br\/portal\/wp-json\/wp\/v2\/media?parent=1641"}],"wp:term":[{"taxonomy":"category","embeddable":true,"href":"https:\/\/www.santaritadopassaquatro.sp.gov.br\/portal\/wp-json\/wp\/v2\/categories?post=1641"},{"taxonomy":"post_tag","embeddable":true,"href":"https:\/\/www.santaritadopassaquatro.sp.gov.br\/portal\/wp-json\/wp\/v2\/tags?post=1641"}],"curies":[{"name":"wp","href":"https:\/\/api.w.org\/{rel}","templated":true}]}}