{"id":1648,"date":"2019-06-24T10:51:07","date_gmt":"2019-06-24T13:51:07","guid":{"rendered":"http:\/\/www.santaritadopassaquatro.sp.gov.br\/portal\/?p=1648"},"modified":"2019-06-24T10:51:07","modified_gmt":"2019-06-24T13:51:07","slug":"circo-na-praca-e-atracao-do-proximo-fim-de-semana","status":"publish","type":"post","link":"https:\/\/www.santaritadopassaquatro.sp.gov.br\/portal\/circo-na-praca-e-atracao-do-proximo-fim-de-semana\/","title":{"rendered":"Circo na Pra\u00e7a \u00e9 atra\u00e7\u00e3o do pr\u00f3ximo fim de semana"},"content":{"rendered":"<p><strong><em>Promovido pelo Departamento de Cultura, a palha\u00e7a Biruta encerra o calend\u00e1rio de atra\u00e7\u00f5es culturais de junho<\/em><\/strong><\/p>\n<p><strong><em>\u00a0<\/em><\/strong><\/p>\n<figure id=\"attachment_1649\" aria-describedby=\"caption-attachment-1649\" style=\"width: 200px\" class=\"wp-caption alignleft\"><img decoding=\"async\" class=\"wp-image-1649 size-medium\" src=\"http:\/\/www.santaritadopassaquatro.sp.gov.br\/portal\/wp-content\/uploads\/2019\/06\/Circo_praca_Brituta_cena01-200x300.jpg\" alt=\"\" width=\"200\" height=\"300\" srcset=\"https:\/\/www.santaritadopassaquatro.sp.gov.br\/portal\/wp-content\/uploads\/2019\/06\/Circo_praca_Brituta_cena01-200x300.jpg 200w, https:\/\/www.santaritadopassaquatro.sp.gov.br\/portal\/wp-content\/uploads\/2019\/06\/Circo_praca_Brituta_cena01-768x1152.jpg 768w, https:\/\/www.santaritadopassaquatro.sp.gov.br\/portal\/wp-content\/uploads\/2019\/06\/Circo_praca_Brituta_cena01-683x1024.jpg 683w\" sizes=\"(max-width: 200px) 100vw, 200px\" \/><figcaption id=\"caption-attachment-1649\" class=\"wp-caption-text\"><span style=\"font-size: 8pt; color: #999999;\"><em><strong>Cena do espet\u00e1culo da palha\u00e7a Biruta, que estar\u00e1 em mais um Circo na Pra\u00e7a (Divulga\u00e7\u00e3o)<\/strong><\/em><\/span><\/figcaption><\/figure>\n<p>O espet\u00e1culo Circo de Rua com a palha\u00e7a Biruta (Calini Detoni) encerra a programa\u00e7\u00e3o cultural do m\u00eas de junho em Santa Rita do Passa Quatro. Promovida pelo Departamento de Cultura da Prefeitura Municipal, a atra\u00e7\u00e3o acontece no pr\u00f3ximo s\u00e1bado (29\/6), \u00e0 partir das 19h30, na Pra\u00e7a Poeta M\u00e1rio Mattoso (Esta\u00e7\u00e3o).<\/p>\n<p>Com classifica\u00e7\u00e3o livre e aberto ao p\u00fablico, o evento promete muitas gargalhadas, com a palha\u00e7a Biruta, sua banda Abandonada e sua vaidade desconstru\u00edda, que n\u00e3o quer tocar apenas os olhos, mas tamb\u00e9m o cora\u00e7\u00e3o. \u00c9 poss\u00edvel! Se rega do riso do p\u00fablico e das eternas possibilidades que vem em cada jogo. Transmuta o medo em coragem, fragilidade em pot\u00eancia, uma alma crua e cura. O intuito \u00e9 expandir e encarar os desafios do mundo atrav\u00e9s do vi\u00e9s feminino, que pode trazer mais generosidade e amor.<\/p>\n<p>&nbsp;<\/p>\n<p>&nbsp;<\/p>\n","protected":false},"excerpt":{"rendered":"<p>Promovido pelo Departamento de Cultura, a palha\u00e7a Biruta encerra o calend\u00e1rio de atra\u00e7\u00f5es culturais de junho \u00a0 O espet\u00e1culo Circo<\/p>\n","protected":false},"author":1,"featured_media":1649,"comment_status":"closed","ping_status":"open","sticky":false,"template":"","format":"standard","meta":{"footnotes":""},"categories":[46,48],"tags":[],"class_list":["post-1648","post","type-post","status-publish","format-standard","has-post-thumbnail","hentry","category-cultura","category-featured"],"_links":{"self":[{"href":"https:\/\/www.santaritadopassaquatro.sp.gov.br\/portal\/wp-json\/wp\/v2\/posts\/1648","targetHints":{"allow":["GET"]}}],"collection":[{"href":"https:\/\/www.santaritadopassaquatro.sp.gov.br\/portal\/wp-json\/wp\/v2\/posts"}],"about":[{"href":"https:\/\/www.santaritadopassaquatro.sp.gov.br\/portal\/wp-json\/wp\/v2\/types\/post"}],"author":[{"embeddable":true,"href":"https:\/\/www.santaritadopassaquatro.sp.gov.br\/portal\/wp-json\/wp\/v2\/users\/1"}],"replies":[{"embeddable":true,"href":"https:\/\/www.santaritadopassaquatro.sp.gov.br\/portal\/wp-json\/wp\/v2\/comments?post=1648"}],"version-history":[{"count":0,"href":"https:\/\/www.santaritadopassaquatro.sp.gov.br\/portal\/wp-json\/wp\/v2\/posts\/1648\/revisions"}],"wp:featuredmedia":[{"embeddable":true,"href":"https:\/\/www.santaritadopassaquatro.sp.gov.br\/portal\/wp-json\/wp\/v2\/media\/1649"}],"wp:attachment":[{"href":"https:\/\/www.santaritadopassaquatro.sp.gov.br\/portal\/wp-json\/wp\/v2\/media?parent=1648"}],"wp:term":[{"taxonomy":"category","embeddable":true,"href":"https:\/\/www.santaritadopassaquatro.sp.gov.br\/portal\/wp-json\/wp\/v2\/categories?post=1648"},{"taxonomy":"post_tag","embeddable":true,"href":"https:\/\/www.santaritadopassaquatro.sp.gov.br\/portal\/wp-json\/wp\/v2\/tags?post=1648"}],"curies":[{"name":"wp","href":"https:\/\/api.w.org\/{rel}","templated":true}]}}