{"id":1651,"date":"2019-06-24T10:54:02","date_gmt":"2019-06-24T13:54:02","guid":{"rendered":"http:\/\/www.santaritadopassaquatro.sp.gov.br\/portal\/?p=1651"},"modified":"2019-06-24T10:54:02","modified_gmt":"2019-06-24T13:54:02","slug":"27o-festival-de-tradicoes-italianas-cultura-italiana-ira-tomar-conta-do-mes-de-julho-em-santa-rita","status":"publish","type":"post","link":"https:\/\/www.santaritadopassaquatro.sp.gov.br\/portal\/27o-festival-de-tradicoes-italianas-cultura-italiana-ira-tomar-conta-do-mes-de-julho-em-santa-rita\/","title":{"rendered":"27\u00ba FESTIVAL DE TRADI\u00c7\u00d5ES ITALIANAS:\u00a0Cultura italiana ir\u00e1 tomar conta do m\u00eas de julho em Santa Rita"},"content":{"rendered":"<p><strong><em>27\u00ba Festival de Tradi\u00e7\u00f5es Italianas antecede o feriado com gastronomia e muita m\u00fasica t\u00edpica do pa\u00eds homenageado<\/em><\/strong><\/p>\n<p>&nbsp;<\/p>\n<figure id=\"attachment_1652\" aria-describedby=\"caption-attachment-1652\" style=\"width: 356px\" class=\"wp-caption alignleft\"><img decoding=\"async\" class=\"wp-image-1652 \" src=\"http:\/\/www.santaritadopassaquatro.sp.gov.br\/portal\/wp-content\/uploads\/2019\/06\/26a_Festa_italiana_foto01-300x200.jpg\" alt=\"\" width=\"356\" height=\"237\" srcset=\"https:\/\/www.santaritadopassaquatro.sp.gov.br\/portal\/wp-content\/uploads\/2019\/06\/26a_Festa_italiana_foto01-300x200.jpg 300w, https:\/\/www.santaritadopassaquatro.sp.gov.br\/portal\/wp-content\/uploads\/2019\/06\/26a_Festa_italiana_foto01-768x512.jpg 768w, https:\/\/www.santaritadopassaquatro.sp.gov.br\/portal\/wp-content\/uploads\/2019\/06\/26a_Festa_italiana_foto01-1024x683.jpg 1024w\" sizes=\"(max-width: 356px) 100vw, 356px\" \/><figcaption id=\"caption-attachment-1652\" class=\"wp-caption-text\"><span style=\"font-size: 8pt; color: #999999;\"><em><strong>A entrada oficial da Esta\u00e7\u00e3o durante o 26\u00ba Festival de Tradi\u00e7\u00f5es Italianas de 2018 (Arquivo\/AssCom\/Divulga\u00e7\u00e3o)<\/strong><\/em><\/span><\/figcaption><\/figure>\n<p>Como clima frio, ideal para a gastronomia europeia, o m\u00eas de julho contempla a cultura italiana na est\u00e2ncia de Santa Rita do Passa Quatro. Antecedendo o feriado o munic\u00edpio realiza o 27\u00ba Festival de Tradi\u00e7\u00f5es Italianas, nos dias 6, 7 e 8 de julho, na Pra\u00e7a Poeta M\u00e1rio Mattoso (Esta\u00e7\u00e3o).<\/p>\n<p>O evento mais esperado da cidade e da regi\u00e3o resgata as tradi\u00e7\u00f5es dos imigrantes vindos da It\u00e1lia e que ajudaram a desenvolver o munic\u00edpio. Promovido pelo Departamento de Cultura e Turismo da Prefeitura Municipal, a Festa Italiana conta com a participa\u00e7\u00e3o de entidades assistenciais do munic\u00edpio. A data, que antecede o feriado de 9 de julho (quando comemora-se a Revolu\u00e7\u00e3o Constitucionalista de 1932), foi escolhida com objetivo de atrair turistas.<\/p>\n<p>A abertura oficial acontece no dia 6 de julho, s\u00e1bado, \u00e0 partir das 19h30, com o Coral Professor Oct\u00e1vio Bueno de Camargo e Banda Zequinha de Abreu. E a programa\u00e7\u00e3o musical ir\u00e1 contar com tr\u00eas bandas diferentes, que se destacam pelo repert\u00f3rio t\u00edpico italiano. Na primeira noite (6\/7), o show ser\u00e1 com a banda Via Roma, atra\u00e7\u00e3o do ano passado, volta ao palco da Esta\u00e7\u00e3o para mais uma noite memor\u00e1vel. No s\u00e1bado (7\/7), tem outra atra\u00e7\u00e3o j\u00e1 conhecida, com Ivano Italian\u00edssimo e abertura do Studio Arte &amp; Movimento. A festa termina no domingo (8\/7), com a banda Viva It\u00e1lia, mais uma conhecida do p\u00fablico. Todas as noites haver\u00e1 show de abertura, \u00e0 partir das 19h30.<\/p>\n<p>Al\u00e9m das atra\u00e7\u00f5es musicais, a Festa Italiana deste ano tamb\u00e9m conta com os mais variados pratos, oferecidos pelas entidades, num verdadeiro festival gastron\u00f4mico t\u00edpico. Lar Dom Luis Carbulotto, Recanto Juvenil Santa Rita (entidades do Instituto das Filhas de S\u00e3o Jos\u00e9), Lar S\u00e3o Vicente de Paula, Par\u00f3quia S\u00e3o Jos\u00e9 Oper\u00e1rio, Projeto Maria, Fundo Social de Solidariedade e Associa\u00e7\u00e3o Jequitib\u00e1 (CAIS-SR), ir\u00e3o oferecer uma grande variedade de pratos, entre doces e salgados, al\u00e9m do tradicional vinho.<\/p>\n<p><strong>\u00a0<\/strong><\/p>\n<p>&nbsp;<\/p>\n<p><em>\u00a0<\/em><\/p>\n<p><em>\u00a0<\/em><\/p>\n<p><em>\u00a0<\/em><\/p>\n<p>&nbsp;<\/p>\n<p>&nbsp;<\/p>\n","protected":false},"excerpt":{"rendered":"<p>27\u00ba Festival de Tradi\u00e7\u00f5es Italianas antecede o feriado com gastronomia e muita m\u00fasica t\u00edpica do pa\u00eds homenageado &nbsp; Como clima<\/p>\n","protected":false},"author":1,"featured_media":1652,"comment_status":"closed","ping_status":"open","sticky":false,"template":"","format":"standard","meta":{"footnotes":""},"categories":[46,52,60],"tags":[],"class_list":["post-1651","post","type-post","status-publish","format-standard","has-post-thumbnail","hentry","category-cultura","category-latest","category-turismo"],"_links":{"self":[{"href":"https:\/\/www.santaritadopassaquatro.sp.gov.br\/portal\/wp-json\/wp\/v2\/posts\/1651","targetHints":{"allow":["GET"]}}],"collection":[{"href":"https:\/\/www.santaritadopassaquatro.sp.gov.br\/portal\/wp-json\/wp\/v2\/posts"}],"about":[{"href":"https:\/\/www.santaritadopassaquatro.sp.gov.br\/portal\/wp-json\/wp\/v2\/types\/post"}],"author":[{"embeddable":true,"href":"https:\/\/www.santaritadopassaquatro.sp.gov.br\/portal\/wp-json\/wp\/v2\/users\/1"}],"replies":[{"embeddable":true,"href":"https:\/\/www.santaritadopassaquatro.sp.gov.br\/portal\/wp-json\/wp\/v2\/comments?post=1651"}],"version-history":[{"count":0,"href":"https:\/\/www.santaritadopassaquatro.sp.gov.br\/portal\/wp-json\/wp\/v2\/posts\/1651\/revisions"}],"wp:featuredmedia":[{"embeddable":true,"href":"https:\/\/www.santaritadopassaquatro.sp.gov.br\/portal\/wp-json\/wp\/v2\/media\/1652"}],"wp:attachment":[{"href":"https:\/\/www.santaritadopassaquatro.sp.gov.br\/portal\/wp-json\/wp\/v2\/media?parent=1651"}],"wp:term":[{"taxonomy":"category","embeddable":true,"href":"https:\/\/www.santaritadopassaquatro.sp.gov.br\/portal\/wp-json\/wp\/v2\/categories?post=1651"},{"taxonomy":"post_tag","embeddable":true,"href":"https:\/\/www.santaritadopassaquatro.sp.gov.br\/portal\/wp-json\/wp\/v2\/tags?post=1651"}],"curies":[{"name":"wp","href":"https:\/\/api.w.org\/{rel}","templated":true}]}}